{"id":35045,"date":"2021-05-10T11:15:51","date_gmt":"2021-05-10T14:15:51","guid":{"rendered":"http:\/\/www.sincomam.org.br\/?p=35045"},"modified":"2021-05-10T11:15:51","modified_gmt":"2021-05-10T14:15:51","slug":"reforma-tributaria-deve-ser-fatiada-em-3-ou-4-projetos-diz-lira","status":"publish","type":"post","link":"https:\/\/www.sincomam.org.br\/index.php\/reforma-tributaria-deve-ser-fatiada-em-3-ou-4-projetos-diz-lira\/","title":{"rendered":"Reforma tribut\u00e1ria deve ser fatiada em 3 ou 4 projetos, diz Lira"},"content":{"rendered":"<p><strong><em>Presidente da C\u00e2mara extinguiu comiss\u00e3o na semana passada<\/em><\/strong><\/p>\n<p>O presidente da C\u00e2mara dos Deputados, Arthur Lira (PP-AL) afirmou hoje (10), por meio de uma rede social, que a proposta da reforma Tribut\u00e1ria vai ser fracionada e dividida entre tr\u00eas ou quatro relatores. Lira disse que vai definir a quest\u00e3o com o presidente do Senado, Rodrigo Pacheco (DEM- MG), em uma conversa ainda nesta segunda-feira.<\/p>\n<p>Lira disse ainda que quer avan\u00e7ar com o texto sem se \u201cpreocupar com a paternidade\u201d do projeto e que vai decidir ainda esta semana sobre o formato de tramita\u00e7\u00e3o da proposta.<\/p>\n<p><em>\u201cVamos avan\u00e7ar com a reforma tribut\u00e1ria sem nos preocupar com a paternidade do projeto. Esta semana devemos definir a tramita\u00e7\u00e3o, o formato. Temos a\u00ed duas reformas, a que envolve renda e a de consumo. Daremos um passo esta semana para fazermos a reforma de maneira ordenada\u201d, disse.<\/em><\/p>\n<p>Na semana passada, sob o argumento de estouro de prazo, Lira extinguiu a comiss\u00e3o especial da Casa que analisava a reforma tribut\u00e1ria. Segundo ele, os trabalhos da comiss\u00e3o expiraram h\u00e1 um ano e meio e o encerramento evitaria contesta\u00e7\u00f5es judiciais no futuro.<\/p>\n<p>A extin\u00e7\u00e3o dos trabalhos do colegiado ocorreu horas depois de o relator da reforma tribut\u00e1ria, deputado Aguinaldo Ribeiro (PP-PB) ler o parecer sobre o tema na comiss\u00e3o mista de deputados e senadores, onde est\u00e1 sendo discutido um texto consensual antes da vota\u00e7\u00e3o nas duas Casas.<\/p>\n<p>A decis\u00e3o de Lira foi tomada num momento de diverg\u00eancia entre o governo e a comiss\u00e3o mista. A equipe econ\u00f4mica queria uma proposta de reforma tribut\u00e1ria fatiada, em que temas espec\u00edficos fossem votados na medida em que houvesse acordo.<\/p>\n<p>O fatiamento da reforma tamb\u00e9m era defendido pelo presidente da C\u00e2mara, com o argumento de iria facilitar a tramita\u00e7\u00e3o da proposta. Ribeiro, entretanto, apresentou um relat\u00f3rio no qual prop\u00f4s a unifica\u00e7\u00e3o de cinco tributos no Imposto sobre Bens e Servi\u00e7os (IBS), texto considerado amplo pelo governo.<\/p>\n<p>Fonte: Ag\u00eancia Brasil<\/p>\n<p>Foto: divulga\u00e7\u00e3o<\/p>\n","protected":false},"excerpt":{"rendered":"<p>Presidente da C\u00e2mara extinguiu comiss\u00e3o na semana passada O presidente da C\u00e2mara dos Deputados, Arthur Lira (PP-AL) afirmou hoje (10), por meio de uma rede&#8230;<\/p>\n","protected":false},"author":1182,"featured_media":34220,"comment_status":"closed","ping_status":"closed","sticky":false,"template":"","format":"standard","meta":{"footnotes":""},"categories":[6],"tags":[732,4705,367,1593,188,924,3459],"class_list":["post-35045","post","type-post","status-publish","format-standard","has-post-thumbnail","hentry","category-noticias","tag-camara","tag-fatiada","tag-projeto","tag-proposta","tag-reforma","tag-senado","tag-tributaria"],"_links":{"self":[{"href":"https:\/\/www.sincomam.org.br\/index.php\/wp-json\/wp\/v2\/posts\/35045","targetHints":{"allow":["GET"]}}],"collection":[{"href":"https:\/\/www.sincomam.org.br\/index.php\/wp-json\/wp\/v2\/posts"}],"about":[{"href":"https:\/\/www.sincomam.org.br\/index.php\/wp-json\/wp\/v2\/types\/post"}],"author":[{"embeddable":true,"href":"https:\/\/www.sincomam.org.br\/index.php\/wp-json\/wp\/v2\/users\/1182"}],"replies":[{"embeddable":true,"href":"https:\/\/www.sincomam.org.br\/index.php\/wp-json\/wp\/v2\/comments?post=35045"}],"version-history":[{"count":1,"href":"https:\/\/www.sincomam.org.br\/index.php\/wp-json\/wp\/v2\/posts\/35045\/revisions"}],"predecessor-version":[{"id":35046,"href":"https:\/\/www.sincomam.org.br\/index.php\/wp-json\/wp\/v2\/posts\/35045\/revisions\/35046"}],"wp:featuredmedia":[{"embeddable":true,"href":"https:\/\/www.sincomam.org.br\/index.php\/wp-json\/wp\/v2\/media\/34220"}],"wp:attachment":[{"href":"https:\/\/www.sincomam.org.br\/index.php\/wp-json\/wp\/v2\/media?parent=35045"}],"wp:term":[{"taxonomy":"category","embeddable":true,"href":"https:\/\/www.sincomam.org.br\/index.php\/wp-json\/wp\/v2\/categories?post=35045"},{"taxonomy":"post_tag","embeddable":true,"href":"https:\/\/www.sincomam.org.br\/index.php\/wp-json\/wp\/v2\/tags?post=35045"}],"curies":[{"name":"wp","href":"https:\/\/api.w.org\/{rel}","templated":true}]}}