{"id":35013,"date":"2021-05-07T07:39:47","date_gmt":"2021-05-07T10:39:47","guid":{"rendered":"http:\/\/www.sincomam.org.br\/?p=35013"},"modified":"2021-05-07T07:39:47","modified_gmt":"2021-05-07T10:39:47","slug":"covid-19-brasil-tem-mais-de-15-milhoes-de-casos-acumulados","status":"publish","type":"post","link":"https:\/\/www.sincomam.org.br\/index.php\/covid-19-brasil-tem-mais-de-15-milhoes-de-casos-acumulados\/","title":{"rendered":"Covid-19: Brasil tem mais de 15 milh\u00f5es de casos acumulados"},"content":{"rendered":"<p><strong><em>Em 24 horas, foram confirmados mais 73,3 mil diagn\u00f3sticos positivo<\/em><\/strong><\/p>\n<p>O Brasil superou a marca de 15 milh\u00f5es de pessoas infectadas com o coronav\u00edrus desde o primeiro caso, em fevereiro de 2020. Nas \u00faltimas 24 horas, foram confirmados 73.380 novos diagn\u00f3sticos positivos. Com isso, o total de casos acumulados chegou a 15.003.563. Os dados s\u00e3o da \u00faltima atualiza\u00e7\u00e3o desta quinta-feira (6), do Minist\u00e9rio da Sa\u00fade.<\/p>\n<p>Segundo o boletim do Minist\u00e9rio, ainda h\u00e1 no pa\u00eds 995.279 pessoas em acompanhamento m\u00e9dico. J\u00e1 o total de vidas perdidas para a Covid-19 subiu para 416.949. Restam 3.693 \u00f3bitos em investiga\u00e7\u00e3o.<\/p>\n<p>O Brasil tem 13.591.335 pessoas que se recuperaram da covid-19 desde o in\u00edcio da pandemia. Isso equivale a 90,6% do total de pessoas que foram infectadas com o v\u00edrus.<\/p>\n<p><strong>Estados<\/strong><\/p>\n<p>O estado que registra mais mortes pela covid-19 \u00e9 S\u00e3o Paulo (99.406). Em seguida, v\u00eam Rio de Janeiro (45.914), Minas Gerais (35.165), Rio Grande do Sul (25.668) e Paran\u00e1 (23.493).<\/p>\n<p><strong>Refor\u00e7o<\/strong><\/p>\n<p>O Minist\u00e9rio da Sa\u00fade autorizou ontem (6) mais 284 leitos com suporte ventilat\u00f3rio pulmonar para tratamento de pacientes com quadro confirmado ou com suspeita de covid-19. Os recursos atender\u00e3o a implanta\u00e7\u00e3o dessas estruturas no Distrito Federal e em dez estados.<\/p>\n<p>Leitos de suporte ventilat\u00f3rio s\u00e3o utilizados para pacientes que precisam desse apoio, mas ainda n\u00e3o evolu\u00edram para um quadro grave, que demande a transfer\u00eancia para leitos de Unidade de Terapia Intensiva (UTI).<\/p>\n<p>Fonte: Ag\u00eancia Brasil<\/p>\n","protected":false},"excerpt":{"rendered":"<p>Em 24 horas, foram confirmados mais 73,3 mil diagn\u00f3sticos positivo O Brasil superou a marca de 15 milh\u00f5es de pessoas infectadas com o coronav\u00edrus desde&#8230;<\/p>\n","protected":false},"author":1182,"featured_media":28525,"comment_status":"closed","ping_status":"closed","sticky":false,"template":"","format":"standard","meta":{"footnotes":""},"categories":[6],"tags":[61,2752,2751,1476,2988,1756,2755,1375],"class_list":["post-35013","post","type-post","status-publish","format-standard","has-post-thumbnail","hentry","category-noticias","tag-brasil","tag-coronavirus","tag-covid-19","tag-estado","tag-infectado","tag-morte","tag-pandemia","tag-populacao"],"_links":{"self":[{"href":"https:\/\/www.sincomam.org.br\/index.php\/wp-json\/wp\/v2\/posts\/35013","targetHints":{"allow":["GET"]}}],"collection":[{"href":"https:\/\/www.sincomam.org.br\/index.php\/wp-json\/wp\/v2\/posts"}],"about":[{"href":"https:\/\/www.sincomam.org.br\/index.php\/wp-json\/wp\/v2\/types\/post"}],"author":[{"embeddable":true,"href":"https:\/\/www.sincomam.org.br\/index.php\/wp-json\/wp\/v2\/users\/1182"}],"replies":[{"embeddable":true,"href":"https:\/\/www.sincomam.org.br\/index.php\/wp-json\/wp\/v2\/comments?post=35013"}],"version-history":[{"count":1,"href":"https:\/\/www.sincomam.org.br\/index.php\/wp-json\/wp\/v2\/posts\/35013\/revisions"}],"predecessor-version":[{"id":35014,"href":"https:\/\/www.sincomam.org.br\/index.php\/wp-json\/wp\/v2\/posts\/35013\/revisions\/35014"}],"wp:featuredmedia":[{"embeddable":true,"href":"https:\/\/www.sincomam.org.br\/index.php\/wp-json\/wp\/v2\/media\/28525"}],"wp:attachment":[{"href":"https:\/\/www.sincomam.org.br\/index.php\/wp-json\/wp\/v2\/media?parent=35013"}],"wp:term":[{"taxonomy":"category","embeddable":true,"href":"https:\/\/www.sincomam.org.br\/index.php\/wp-json\/wp\/v2\/categories?post=35013"},{"taxonomy":"post_tag","embeddable":true,"href":"https:\/\/www.sincomam.org.br\/index.php\/wp-json\/wp\/v2\/tags?post=35013"}],"curies":[{"name":"wp","href":"https:\/\/api.w.org\/{rel}","templated":true}]}}