{"id":35007,"date":"2021-05-06T12:16:34","date_gmt":"2021-05-06T15:16:34","guid":{"rendered":"http:\/\/www.sincomam.org.br\/?p=35007"},"modified":"2021-05-06T12:16:34","modified_gmt":"2021-05-06T15:16:34","slug":"porto-de-imbituba-tem-alta-de-126-na-movimentacao-de-abril","status":"publish","type":"post","link":"https:\/\/www.sincomam.org.br\/index.php\/porto-de-imbituba-tem-alta-de-126-na-movimentacao-de-abril\/","title":{"rendered":"Porto de Imbituba tem alta de 12,6% na movimenta\u00e7\u00e3o de abril"},"content":{"rendered":"<p><strong><em>Ao todo, foram atendidos 24 navios em abril<\/em><\/strong><\/p>\n<p>O Porto de Imbituba segue registrando crescimento no transporte de cargas e, em abril, movimentou 466,7 mil toneladas, resultado 12,6% maior do que o realizado no ano anterior. No acumulado de janeiro a abril, o porto p\u00fablico recebeu 1,8 milh\u00e3o de toneladas e 80 atraca\u00e7\u00f5es.<\/p>\n<p><em>\u201cO desempenho operacional do Porto de Imbituba no \u00faltimo m\u00eas reflete o intenso trabalho da nossa comunidade portu\u00e1ria, que aproveita oportunidades de neg\u00f3cios nos mercados nacional e internacional e refor\u00e7a o importante papel do Porto na gera\u00e7\u00e3o de emprego e renda para a regi\u00e3o\u201d, avalia F\u00e1bio Riera, diretor-presidente da SCPAR Porto de Imbituba.<\/em><\/p>\n<p>Os gran\u00e9is minerais lideraram o volume de cargas movimentadas em abril, com destaque para as opera\u00e7\u00f5es de coque (calcinado e n\u00e3o calcinado), que somaram aproximadamente 140 mil toneladas, principalmente de exporta\u00e7\u00e3o, al\u00e9m do sal, com quase 72 mil toneladas de importa\u00e7\u00e3o. Em seguida, aparecem os cont\u00eaineres (81,3 mil toneladas), que cresceram 39,8% no volume de toneladas atendidas, se comparado a abril do ano passado. Sulfato de s\u00f3dio, soja e farelo de soja, malte, barrilha, min\u00e9rio de ferro, celulose e salitre tamb\u00e9m passaram pelos cais do Porto de Imbituba no per\u00edodo.<\/p>\n<p>Para o presidente do Porto, essa trajet\u00f3ria est\u00e1 ancorada na capacidade t\u00e9cnica para opera\u00e7\u00f5es de grande porte e de atendimento de novas embarca\u00e7\u00f5es, mesmo em per\u00edodos de alta demanda dos portos brasileiros.<\/p>\n<p>Um dos arrendamentos previstos para ocorrer este ano \u00e9 o leil\u00e3o do Terminal de Granel L\u00edquido (TGL), para um per\u00edodo de explora\u00e7\u00e3o de 10 anos, com perspectiva de ocorrer em julho.<\/p>\n<p>* Com informa\u00e7\u00f5es da SCPAR Porto de Imbituba<\/p>\n","protected":false},"excerpt":{"rendered":"<p>Ao todo, foram atendidos 24 navios em abril O Porto de Imbituba segue registrando crescimento no transporte de cargas e, em abril, movimentou 466,7 mil&#8230;<\/p>\n","protected":false},"author":1182,"featured_media":30294,"comment_status":"closed","ping_status":"closed","sticky":false,"template":"","format":"standard","meta":{"footnotes":""},"categories":[6],"tags":[914,237,2067],"class_list":["post-35007","post","type-post","status-publish","format-standard","has-post-thumbnail","hentry","category-noticias","tag-abril","tag-movimentacao","tag-porto-de-imbituba"],"_links":{"self":[{"href":"https:\/\/www.sincomam.org.br\/index.php\/wp-json\/wp\/v2\/posts\/35007","targetHints":{"allow":["GET"]}}],"collection":[{"href":"https:\/\/www.sincomam.org.br\/index.php\/wp-json\/wp\/v2\/posts"}],"about":[{"href":"https:\/\/www.sincomam.org.br\/index.php\/wp-json\/wp\/v2\/types\/post"}],"author":[{"embeddable":true,"href":"https:\/\/www.sincomam.org.br\/index.php\/wp-json\/wp\/v2\/users\/1182"}],"replies":[{"embeddable":true,"href":"https:\/\/www.sincomam.org.br\/index.php\/wp-json\/wp\/v2\/comments?post=35007"}],"version-history":[{"count":1,"href":"https:\/\/www.sincomam.org.br\/index.php\/wp-json\/wp\/v2\/posts\/35007\/revisions"}],"predecessor-version":[{"id":35008,"href":"https:\/\/www.sincomam.org.br\/index.php\/wp-json\/wp\/v2\/posts\/35007\/revisions\/35008"}],"wp:featuredmedia":[{"embeddable":true,"href":"https:\/\/www.sincomam.org.br\/index.php\/wp-json\/wp\/v2\/media\/30294"}],"wp:attachment":[{"href":"https:\/\/www.sincomam.org.br\/index.php\/wp-json\/wp\/v2\/media?parent=35007"}],"wp:term":[{"taxonomy":"category","embeddable":true,"href":"https:\/\/www.sincomam.org.br\/index.php\/wp-json\/wp\/v2\/categories?post=35007"},{"taxonomy":"post_tag","embeddable":true,"href":"https:\/\/www.sincomam.org.br\/index.php\/wp-json\/wp\/v2\/tags?post=35007"}],"curies":[{"name":"wp","href":"https:\/\/api.w.org\/{rel}","templated":true}]}}