{"id":35003,"date":"2021-05-06T12:02:29","date_gmt":"2021-05-06T15:02:29","guid":{"rendered":"http:\/\/www.sincomam.org.br\/?p=35003"},"modified":"2021-05-06T12:28:06","modified_gmt":"2021-05-06T15:28:06","slug":"petrobras-anuncia-remocao-das-plataformas-de-cacao-no-espirito-santo","status":"publish","type":"post","link":"https:\/\/www.sincomam.org.br\/index.php\/petrobras-anuncia-remocao-das-plataformas-de-cacao-no-espirito-santo\/","title":{"rendered":"Petrobras anuncia remo\u00e7\u00e3o das plataformas de Ca\u00e7\u00e3o, no Esp\u00edrito Santo"},"content":{"rendered":"<p><strong><em>Atividade faz parte do projeto de descomissionamento do Campo<\/em><\/strong><\/p>\n<p>Com a produ\u00e7\u00e3o encerrada desde 2010, a Petrobras iniciou a remo\u00e7\u00e3o de tr\u00eas plataformas do Campo de Ca\u00e7\u00e3o, no Esp\u00edrito Santo. Segundo a estatal, a a\u00e7\u00e3o faz parte do plano de descomissionamento e marca o fim do ciclo produtivo de um campo de petr\u00f3leo.<\/p>\n<p>A Petrobras informou que o processo de retirada das plataformas tem o t\u00e9rmino previsto para o final deste semestre e, durante um ano ap\u00f3s a remo\u00e7\u00e3o das estruturas fixas e conclus\u00e3o das atividades na \u00e1rea, a companhia realizar\u00e1 monitoramento socioecon\u00f4mico e ambiental da regi\u00e3o.<\/p>\n<p>De acordo com o Plano Estrat\u00e9gico da Companhia para o per\u00edodo de 2021-2025, 18 plataformas de produ\u00e7\u00e3o ser\u00e3o descomissionadas at\u00e9 2025.<\/p>\n<p><strong>Atua\u00e7\u00e3o socioambiental na regi\u00e3o<\/strong><\/p>\n<p>As comunidades pr\u00f3ximas \u00e0 \u00e1rea de Ca\u00e7\u00e3o foram beneficiadas pelo projeto nacional Rede de Parceiros Multiplicadores, que realizou a forma\u00e7\u00e3o de gestores, coordenadores pedag\u00f3gicos e professores de escolas municipais e ONGs, para qualificar as aulas de educa\u00e7\u00e3o f\u00edsica e esporte, favorecendo a educa\u00e7\u00e3o integral e a qualidade de vida.<\/p>\n<p>As comunidades tamb\u00e9m est\u00e3o sendo beneficiadas pelo projeto Territorializa\u00e7\u00e3o e Acelera\u00e7\u00e3o dos Objetivos de Desenvolvimento Sustent\u00e1vel (ODS), executado pelo Programa das Na\u00e7\u00f5es Unidas para o Desenvolvimento (PNUD).<\/p>\n<p>Foto: Ag\u00eancia Petrobras\/ Plataforma de Ca\u00e7\u00e3o<\/p>\n","protected":false},"excerpt":{"rendered":"<p>Atividade faz parte do projeto de descomissionamento do Campo Com a produ\u00e7\u00e3o encerrada desde 2010, a Petrobras iniciou a remo\u00e7\u00e3o de tr\u00eas plataformas do Campo&#8230;<\/p>\n","protected":false},"author":1182,"featured_media":35004,"comment_status":"closed","ping_status":"closed","sticky":false,"template":"","format":"standard","meta":{"footnotes":""},"categories":[6],"tags":[4697,4698,3283,252,58,2766,1652,4354],"class_list":["post-35003","post","type-post","status-publish","format-standard","has-post-thumbnail","hentry","category-noticias","tag-cacao","tag-comunicade","tag-descomissionamento","tag-espirito-santo","tag-petrobras","tag-plano","tag-plataformas","tag-remocao"],"_links":{"self":[{"href":"https:\/\/www.sincomam.org.br\/index.php\/wp-json\/wp\/v2\/posts\/35003","targetHints":{"allow":["GET"]}}],"collection":[{"href":"https:\/\/www.sincomam.org.br\/index.php\/wp-json\/wp\/v2\/posts"}],"about":[{"href":"https:\/\/www.sincomam.org.br\/index.php\/wp-json\/wp\/v2\/types\/post"}],"author":[{"embeddable":true,"href":"https:\/\/www.sincomam.org.br\/index.php\/wp-json\/wp\/v2\/users\/1182"}],"replies":[{"embeddable":true,"href":"https:\/\/www.sincomam.org.br\/index.php\/wp-json\/wp\/v2\/comments?post=35003"}],"version-history":[{"count":2,"href":"https:\/\/www.sincomam.org.br\/index.php\/wp-json\/wp\/v2\/posts\/35003\/revisions"}],"predecessor-version":[{"id":35006,"href":"https:\/\/www.sincomam.org.br\/index.php\/wp-json\/wp\/v2\/posts\/35003\/revisions\/35006"}],"wp:featuredmedia":[{"embeddable":true,"href":"https:\/\/www.sincomam.org.br\/index.php\/wp-json\/wp\/v2\/media\/35004"}],"wp:attachment":[{"href":"https:\/\/www.sincomam.org.br\/index.php\/wp-json\/wp\/v2\/media?parent=35003"}],"wp:term":[{"taxonomy":"category","embeddable":true,"href":"https:\/\/www.sincomam.org.br\/index.php\/wp-json\/wp\/v2\/categories?post=35003"},{"taxonomy":"post_tag","embeddable":true,"href":"https:\/\/www.sincomam.org.br\/index.php\/wp-json\/wp\/v2\/tags?post=35003"}],"curies":[{"name":"wp","href":"https:\/\/api.w.org\/{rel}","templated":true}]}}