{"id":34992,"date":"2021-05-05T13:30:11","date_gmt":"2021-05-05T16:30:11","guid":{"rendered":"http:\/\/www.sincomam.org.br\/?p=34992"},"modified":"2021-05-05T13:30:11","modified_gmt":"2021-05-05T16:30:11","slug":"governo-preve-inicio-da-vacinacao-de-trabalhadores-portuarios-ate-final-de-maio","status":"publish","type":"post","link":"https:\/\/www.sincomam.org.br\/index.php\/governo-preve-inicio-da-vacinacao-de-trabalhadores-portuarios-ate-final-de-maio\/","title":{"rendered":"Governo prev\u00ea in\u00edcio da vacina\u00e7\u00e3o de trabalhadores portu\u00e1rios at\u00e9 final de maio"},"content":{"rendered":"<p><strong><em>Categoria cobra urg\u00eancia na imuniza\u00e7\u00e3o e alerta para poss\u00edvel paralisa\u00e7\u00e3o dos portos por aumento de casos da Covid-19<\/em><\/strong><\/p>\n<p>O governo federal anunciou a inten\u00e7\u00e3o de come\u00e7ar a vacinar trabalhadores portu\u00e1rios contra a Covid-19 at\u00e9 o final do m\u00eas de maio. O an\u00fancio foi feito durante audi\u00eancia p\u00fablica da Comiss\u00e3o de Legisla\u00e7\u00e3o Participativa da C\u00e2mara dos Deputados.<\/p>\n<p>Encarregados de atividade definida como essencial durante a pandemia, os portu\u00e1rios j\u00e1 fazem parte da lista de grupos considerados priorit\u00e1rios pelo Minist\u00e9rio da Sa\u00fade na vacina\u00e7\u00e3o contra a doen\u00e7a. No entanto, como ocupam a pen\u00faltima posi\u00e7\u00e3o na lista, \u00e0 frente apenas dos trabalhadores da ind\u00fastria, at\u00e9 o momento os portu\u00e1rios ainda n\u00e3o foram convocados para a vacina\u00e7\u00e3o.<\/p>\n<p>O Presidente da Federa\u00e7\u00e3o Nacional dos Estivadores (FNE), Jos\u00e9 Adilson Pereira, cobrou urg\u00eancia na vacina\u00e7\u00e3o dos portu\u00e1rios e n\u00e3o descartou a paralisa\u00e7\u00e3o de portos brasileiros por conta do n\u00famero de trabalhadores contaminados pelo novo coronav\u00edrus. \u201cN\u00f3s somos porta de entrada. \u00c9 por n\u00f3s que passam todas as mercadorias do Pa\u00eds. Temos contato com tripula\u00e7\u00f5es, com pessoas que v\u00eam de outros pa\u00edses\u201d, observou. &#8220;Se param os portos, o Brasil vai \u00e0 bancarrota.\u201d<\/p>\n<p><strong>Plano de vacina\u00e7\u00e3o<\/strong><\/p>\n<p>O estivador e mestrando da Unifesp Campus Baixada Santista, Jo\u00e3o Renato da Silva Nunes, recomendou ao Minist\u00e9rio da Sa\u00fade uma revis\u00e3o do atual Plano Nacional de Operacionaliza\u00e7\u00e3o da Vacina contra a Covid-19 a fim de acelerar a vacina\u00e7\u00e3o da categoria.<\/p>\n<p>Segundo Nunes, mesmo submetidos a um alto risco de contamina\u00e7\u00e3o pelo coronav\u00edrus, os portu\u00e1rios continuaram trabalhando 24 horas por dia desde o come\u00e7o da pandemia. \u201cEntrar a bordo de um navio \u00e9 como cruzar a divisa com diversos pa\u00edses\u201d, destacou.<\/p>\n<p>Representando o Minist\u00e9rio da Sa\u00fade, a assessora t\u00e9cnica do Programa Nacional de Imuniza\u00e7\u00f5es, Caroline Gava Alves, disse que a expectativa do governo \u00e9 conseguir ofertar a primeira dose da vacina para todos os grupos definidos como priorit\u00e1rios, portanto incluindo os portu\u00e1rios, at\u00e9 o final de maio.<\/p>\n<p>Segundo a assessora, caso n\u00e3o haja atrasos na entrega das doses, isso deve ocorrer logo ap\u00f3s a conclus\u00e3o da atual fase de vacina\u00e7\u00e3o, que re\u00fane pessoas com idade entre 60 e 64 anos, e da etapa seguinte, que envolver\u00e1 cerca de 18 milh\u00f5es de pessoas com comorbidades. \u201cMuitos portu\u00e1rios com comorbidades inclusive j\u00e1 poder\u00e3o ser imunizados nesta fase\u201d, ressaltou.<\/p>\n<p>De acordo com o Plano Nacional de Operacionaliza\u00e7\u00e3o da Vacina contra a Covid-19, at\u00e9 o momento j\u00e1 foram convocados para a vacina\u00e7\u00e3o: idosos e pessoas com defici\u00eancia que vivem em institui\u00e7\u00f5es de acolhimento; povos ind\u00edgenas; trabalhadores da Sa\u00fade; povos e comunidades tradicionais ribeirinhas e quilombolas; pessoas com mais de 65 e for\u00e7as de seguran\u00e7a e salvamento e for\u00e7as armadas.<\/p>\n<p>Fonte: Ag\u00eancia C\u00e2mara de Not\u00edcias<\/p>\n","protected":false},"excerpt":{"rendered":"<p>Categoria cobra urg\u00eancia na imuniza\u00e7\u00e3o e alerta para poss\u00edvel paralisa\u00e7\u00e3o dos portos por aumento de casos da Covid-19 O governo federal anunciou a inten\u00e7\u00e3o de&#8230;<\/p>\n","protected":false},"author":1182,"featured_media":9787,"comment_status":"closed","ping_status":"closed","sticky":false,"template":"","format":"standard","meta":{"footnotes":""},"categories":[6],"tags":[2145,2752,2751,3182,1460,2982,1756,2755,2976,69,1026,3145,17,374,1538,2770,674],"class_list":["post-34992","post","type-post","status-publish","format-standard","has-post-thumbnail","hentry","category-noticias","tag-camara-dos-deputados","tag-coronavirus","tag-covid-19","tag-imunizacao","tag-infectados","tag-maio","tag-morte","tag-pandemia","tag-pedido","tag-portos","tag-portuario","tag-risco","tag-sincomam","tag-sindicato","tag-trabalhador","tag-urgencia","tag-vacina"],"_links":{"self":[{"href":"https:\/\/www.sincomam.org.br\/index.php\/wp-json\/wp\/v2\/posts\/34992","targetHints":{"allow":["GET"]}}],"collection":[{"href":"https:\/\/www.sincomam.org.br\/index.php\/wp-json\/wp\/v2\/posts"}],"about":[{"href":"https:\/\/www.sincomam.org.br\/index.php\/wp-json\/wp\/v2\/types\/post"}],"author":[{"embeddable":true,"href":"https:\/\/www.sincomam.org.br\/index.php\/wp-json\/wp\/v2\/users\/1182"}],"replies":[{"embeddable":true,"href":"https:\/\/www.sincomam.org.br\/index.php\/wp-json\/wp\/v2\/comments?post=34992"}],"version-history":[{"count":1,"href":"https:\/\/www.sincomam.org.br\/index.php\/wp-json\/wp\/v2\/posts\/34992\/revisions"}],"predecessor-version":[{"id":34993,"href":"https:\/\/www.sincomam.org.br\/index.php\/wp-json\/wp\/v2\/posts\/34992\/revisions\/34993"}],"wp:featuredmedia":[{"embeddable":true,"href":"https:\/\/www.sincomam.org.br\/index.php\/wp-json\/wp\/v2\/media\/9787"}],"wp:attachment":[{"href":"https:\/\/www.sincomam.org.br\/index.php\/wp-json\/wp\/v2\/media?parent=34992"}],"wp:term":[{"taxonomy":"category","embeddable":true,"href":"https:\/\/www.sincomam.org.br\/index.php\/wp-json\/wp\/v2\/categories?post=34992"},{"taxonomy":"post_tag","embeddable":true,"href":"https:\/\/www.sincomam.org.br\/index.php\/wp-json\/wp\/v2\/tags?post=34992"}],"curies":[{"name":"wp","href":"https:\/\/api.w.org\/{rel}","templated":true}]}}