{"id":34989,"date":"2021-05-05T12:55:34","date_gmt":"2021-05-05T15:55:34","guid":{"rendered":"http:\/\/www.sincomam.org.br\/?p=34989"},"modified":"2021-05-05T12:55:34","modified_gmt":"2021-05-05T15:55:34","slug":"petrobras-anuncia-a-venda-de-3-usinas-termeletricas-em-camacari-na-bahia","status":"publish","type":"post","link":"https:\/\/www.sincomam.org.br\/index.php\/petrobras-anuncia-a-venda-de-3-usinas-termeletricas-em-camacari-na-bahia\/","title":{"rendered":"Petrobras anuncia a venda de 3 usinas termel\u00e9tricas em Cama\u00e7ari, na Bahia"},"content":{"rendered":"<p>A Petrobras informou, em comunicado ao mercado nesta segunda-feira (3), que assinou com a S\u00e3o Francisco Energia S.A., subsidi\u00e1ria da Global Participa\u00e7\u00f5es em Energia S.A., contrato para a venda das tr\u00eas usinas termel\u00e9tricas movidas a \u00f3leo combust\u00edvel, localizadas em Cama\u00e7ari, na Bahia (UTEs Polo Cama\u00e7ari). Segundo a estatal, a negocia\u00e7\u00e3o foi fechada com o valor de R$ 95 milh\u00f5es.<\/p>\n<p>De acordo com o diretor de Relacionamento Institucional e Sustentabilidade da Petrobras, Roberto Ardenghy, a assinatura do contrato \u00e9 um marco importante na consolida\u00e7\u00e3o de uma ind\u00fastria mais forte e competitiva. \u201cNosso objetivo \u00e9 maximizar o valor do nosso portf\u00f3lio e dar oportunidade para que outras empresas do setor possam tamb\u00e9m prosperar. Acreditamos que a chegada dos novos donos traz boas perspectivas para as t\u00e9rmicas em Cama\u00e7ari, o que deve promover tamb\u00e9m um impacto positivo na economia da regi\u00e3o\u201d, disse.<\/p>\n<p>A Petrobras esclareceu, ainda, que o projeto de desinvestimento da UTE Canoas, localizada no estado do Rio Grande do Sul, permanece em andamento e as etapas subsequentes ser\u00e3o divulgadas ao mercado oportunamente.<\/p>\n<p><strong>As termel\u00e9tricas<br \/>\n<\/strong><br \/>\nAs UTEs Polo Cama\u00e7ari s\u00e3o ativos da Petrobras e englobam as usinas Arembepe, Bahia 1 e Muricy, com pot\u00eancia total instalada de 329 MW. As usinas operam com \u00f3leo combust\u00edvel e t\u00eam contratos de comercializa\u00e7\u00e3o de energia no ambiente regulado com vig\u00eancia at\u00e9 dezembro de 2023 para as UTEs Arembepe e Muricy e at\u00e9 dezembro de 2025 para a UTE Bahia 1.<\/p>\n","protected":false},"excerpt":{"rendered":"<p>A Petrobras informou, em comunicado ao mercado nesta segunda-feira (3), que assinou com a S\u00e3o Francisco Energia S.A., subsidi\u00e1ria da Global Participa\u00e7\u00f5es em Energia S.A.,&#8230;<\/p>\n","protected":false},"author":1182,"featured_media":17775,"comment_status":"closed","ping_status":"closed","sticky":false,"template":"","format":"standard","meta":{"footnotes":""},"categories":[6],"tags":[1431,4690,4691,58,4689,4688,71],"class_list":["post-34989","post","type-post","status-publish","format-standard","has-post-thumbnail","hentry","category-noticias","tag-baia","tag-camacari","tag-global-participacoes-em-energia","tag-petrobras","tag-termeletricas","tag-usinas","tag-venda"],"_links":{"self":[{"href":"https:\/\/www.sincomam.org.br\/index.php\/wp-json\/wp\/v2\/posts\/34989","targetHints":{"allow":["GET"]}}],"collection":[{"href":"https:\/\/www.sincomam.org.br\/index.php\/wp-json\/wp\/v2\/posts"}],"about":[{"href":"https:\/\/www.sincomam.org.br\/index.php\/wp-json\/wp\/v2\/types\/post"}],"author":[{"embeddable":true,"href":"https:\/\/www.sincomam.org.br\/index.php\/wp-json\/wp\/v2\/users\/1182"}],"replies":[{"embeddable":true,"href":"https:\/\/www.sincomam.org.br\/index.php\/wp-json\/wp\/v2\/comments?post=34989"}],"version-history":[{"count":1,"href":"https:\/\/www.sincomam.org.br\/index.php\/wp-json\/wp\/v2\/posts\/34989\/revisions"}],"predecessor-version":[{"id":34990,"href":"https:\/\/www.sincomam.org.br\/index.php\/wp-json\/wp\/v2\/posts\/34989\/revisions\/34990"}],"wp:featuredmedia":[{"embeddable":true,"href":"https:\/\/www.sincomam.org.br\/index.php\/wp-json\/wp\/v2\/media\/17775"}],"wp:attachment":[{"href":"https:\/\/www.sincomam.org.br\/index.php\/wp-json\/wp\/v2\/media?parent=34989"}],"wp:term":[{"taxonomy":"category","embeddable":true,"href":"https:\/\/www.sincomam.org.br\/index.php\/wp-json\/wp\/v2\/categories?post=34989"},{"taxonomy":"post_tag","embeddable":true,"href":"https:\/\/www.sincomam.org.br\/index.php\/wp-json\/wp\/v2\/tags?post=34989"}],"curies":[{"name":"wp","href":"https:\/\/api.w.org\/{rel}","templated":true}]}}