{"id":34976,"date":"2021-05-05T11:26:16","date_gmt":"2021-05-05T14:26:16","guid":{"rendered":"http:\/\/www.sincomam.org.br\/?p=34976"},"modified":"2021-05-05T11:26:16","modified_gmt":"2021-05-05T14:26:16","slug":"pagamento-do-abono-anual-para-segurados-da-previdencia-e-antecipado","status":"publish","type":"post","link":"https:\/\/www.sincomam.org.br\/index.php\/pagamento-do-abono-anual-para-segurados-da-previdencia-e-antecipado\/","title":{"rendered":"Pagamento do abono anual para segurados da Previd\u00eancia \u00e9 antecipado"},"content":{"rendered":"<p><strong><em>Abono equivale ao 13\u00ba sal\u00e1rio dos segurados<\/em><\/strong><\/p>\n<p>O governo federal decidiu antecipar o pagamento do abono anual (equivalente ao 13\u00ba sal\u00e1rio) devido aos segurados e aos dependentes da Previd\u00eancia Social neste ano. A medida consta em decreto assinado nessa ter\u00e7a-feira (4) pelo presidente Jair Bolsonaro e publicado na edi\u00e7\u00e3o o Di\u00e1rio Oficial da Uni\u00e3o desta quarta-feira (5).<\/p>\n<p>O pagamento ocorrer\u00e1 em duas parcelas. A primeira, correspondente a 50% do benef\u00edcio devido em maio de 2021, ser\u00e1 paga juntamente com os benef\u00edcios desse m\u00eas, entre os dias 25 de maio e 8 de junho. A segunda parcela ser\u00e1 paga com os benef\u00edcios da compet\u00eancia do m\u00eas de junho de 2021, entre 24 de junho e 7 de julho. O pagamento do abono anual ocorre, em geral, nas compet\u00eancias agosto e novembro.<\/p>\n<p>Segundo o Minist\u00e9rio da Economia, a medida tem por objetivo incrementar a renda dos benefici\u00e1rios que fazem jus ao abono, o que deve injetar cerca R$ 52,7 bilh\u00f5es na economia do pa\u00eds. A pasta tamb\u00e9m informou que a medida n\u00e3o tem impacto or\u00e7ament\u00e1rio, j\u00e1 que haver\u00e1 somente a antecipa\u00e7\u00e3o do pagamento do benef\u00edcio, sem acr\u00e9scimo na despesa prevista para o ano.<\/p>\n<p>De acordo com o governo, a grande maioria dos benefici\u00e1rios da Previd\u00eancia Social s\u00e3o pessoas idosas, doentes ou inv\u00e1lidas e, portanto, integrantes dos grupos mais vulner\u00e1veis ao novo coronav\u00edrus.<\/p>\n<p>Fonte: Ag\u00eancia Brasil<\/p>\n","protected":false},"excerpt":{"rendered":"<p>Abono equivale ao 13\u00ba sal\u00e1rio dos segurados O governo federal decidiu antecipar o pagamento do abono anual (equivalente ao 13\u00ba sal\u00e1rio) devido aos segurados e&#8230;<\/p>\n","protected":false},"author":1182,"featured_media":17827,"comment_status":"closed","ping_status":"closed","sticky":false,"template":"","format":"standard","meta":{"footnotes":""},"categories":[6],"tags":[697,3236,204,3424,403,3779],"class_list":["post-34976","post","type-post","status-publish","format-standard","has-post-thumbnail","hentry","category-noticias","tag-abono","tag-antecipacao","tag-pagamento","tag-previdencia","tag-salario","tag-segurado"],"_links":{"self":[{"href":"https:\/\/www.sincomam.org.br\/index.php\/wp-json\/wp\/v2\/posts\/34976","targetHints":{"allow":["GET"]}}],"collection":[{"href":"https:\/\/www.sincomam.org.br\/index.php\/wp-json\/wp\/v2\/posts"}],"about":[{"href":"https:\/\/www.sincomam.org.br\/index.php\/wp-json\/wp\/v2\/types\/post"}],"author":[{"embeddable":true,"href":"https:\/\/www.sincomam.org.br\/index.php\/wp-json\/wp\/v2\/users\/1182"}],"replies":[{"embeddable":true,"href":"https:\/\/www.sincomam.org.br\/index.php\/wp-json\/wp\/v2\/comments?post=34976"}],"version-history":[{"count":1,"href":"https:\/\/www.sincomam.org.br\/index.php\/wp-json\/wp\/v2\/posts\/34976\/revisions"}],"predecessor-version":[{"id":34977,"href":"https:\/\/www.sincomam.org.br\/index.php\/wp-json\/wp\/v2\/posts\/34976\/revisions\/34977"}],"wp:featuredmedia":[{"embeddable":true,"href":"https:\/\/www.sincomam.org.br\/index.php\/wp-json\/wp\/v2\/media\/17827"}],"wp:attachment":[{"href":"https:\/\/www.sincomam.org.br\/index.php\/wp-json\/wp\/v2\/media?parent=34976"}],"wp:term":[{"taxonomy":"category","embeddable":true,"href":"https:\/\/www.sincomam.org.br\/index.php\/wp-json\/wp\/v2\/categories?post=34976"},{"taxonomy":"post_tag","embeddable":true,"href":"https:\/\/www.sincomam.org.br\/index.php\/wp-json\/wp\/v2\/tags?post=34976"}],"curies":[{"name":"wp","href":"https:\/\/api.w.org\/{rel}","templated":true}]}}