{"id":34967,"date":"2021-05-04T11:56:39","date_gmt":"2021-05-04T14:56:39","guid":{"rendered":"http:\/\/www.sincomam.org.br\/?p=34967"},"modified":"2021-05-04T11:56:39","modified_gmt":"2021-05-04T14:56:39","slug":"cdc-submete-proposta-de-atualizacao-do-pdz-do-porto-de-fortaleza-a-secretaria-nacional-de-portos","status":"publish","type":"post","link":"https:\/\/www.sincomam.org.br\/index.php\/cdc-submete-proposta-de-atualizacao-do-pdz-do-porto-de-fortaleza-a-secretaria-nacional-de-portos\/","title":{"rendered":"CDC submete proposta de atualiza\u00e7\u00e3o do PDZ do Porto de Fortaleza \u00e0 Secret\u00e1ria Nacional de Portos"},"content":{"rendered":"<p><em><strong>Perspectiva \u00e9 de que o documento possa ser aprovado e publicado em 2021<\/strong><\/em><\/p>\n<p>A diretoria da Companhia Docas do Cear\u00e1 informou que submeteu a proposta de atualiza\u00e7\u00e3o do Plano de Desenvolvimento e Zoneamento (PDZ) do Porto de Fortaleza \u00e0 Secretaria Nacional de Portos e Transportes Aquavi\u00e1rios do Minist\u00e9rio da Infraestrutura, na \u00faltima sexta-feira (30). A principal diretriz trata da simplifica\u00e7\u00e3o do conte\u00fado e a apresenta\u00e7\u00e3o de informa\u00e7\u00f5es de forma objetiva para facilitar a compreens\u00e3o geral do documento pelos interessados e dinamizar o processo de revis\u00e3o em decorr\u00eancia de fatos novos que possam surgir durante o acompanhamento da execu\u00e7\u00e3o do plano.<\/p>\n<p>Segundo a Portaria do Minist\u00e9rio da Infraestrutura n\u00ba 61, de 10 de junho de 2020, o PDZ \u00e9 o instrumento de planejamento da Autoridade Portu\u00e1ria que contempla as estrat\u00e9gias e a\u00e7\u00f5es para a expans\u00e3o e o desenvolvimento integrado, ordenado e sustent\u00e1vel das \u00e1reas e instala\u00e7\u00f5es do porto organizado.\u00a0 Destaca-se tamb\u00e9m a parte textual e a base de dados georreferenciada, contemplando informa\u00e7\u00f5es cadastrais do Porto Organizado, como caracter\u00edsticas de alfandegamento, seguran\u00e7a, infraestrutura e acessos, e informa\u00e7\u00f5es de planejamento, com a proposta de usos das \u00e1reas operacionais e n\u00e3o operacionais do Porto no curto prazo (4 anos), m\u00e9dio prazo (10 anos) e longo prazo (mais de 10 anos).<\/p>\n<p><em>\u201cEm um contexto de desburocratiza\u00e7\u00e3o e descentraliza\u00e7\u00e3o da explora\u00e7\u00e3o de \u00e1reas dos Portos Organizados, de forma a atrair cada vez mais investimentos para o setor, o PDZ tem assumido um papel chave para a garantia do uso racional de recursos e investimentos e da otimiza\u00e7\u00e3o da explora\u00e7\u00e3o das \u00e1reas dos portos. A ader\u00eancia ao PDZ tem figurado como crit\u00e9rio para a elabora\u00e7\u00e3o da vers\u00e3o simplificada de estudos pr\u00e9vios de viabilidade t\u00e9cnica, conforme regulamenta a Resolu\u00e7\u00e3o ANTAQ n\u00ba 7.821, de 19 de junho de 2020, para a flexibiliza\u00e7\u00e3o da explora\u00e7\u00e3o indiretas de \u00e1reas n\u00e3o afetas \u00e0s opera\u00e7\u00f5es portu\u00e1rias, conforme prev\u00ea a Portaria do Minist\u00e9rio da Infraestrutura n\u00ba 51, de 23 de mar\u00e7o de 2021\u201d, ressaltou a Docas do Cear\u00e1, em nota.<\/em><\/p>\n<p>A Companhia acrescentou, ainda no comunicado, a recente previs\u00e3o de dispensa de licita\u00e7\u00e3o para uso tempor\u00e1rio de \u00e1reas com movimenta\u00e7\u00e3o de cargas com mercado n\u00e3o consolidado, promovida pelo Decreto n\u00ba 10.672, de 12 de abril de 2021.<\/p>\n<p>*Com informa\u00e7\u00f5es da CDC<\/p>\n<p>Foto: divulga\u00e7\u00e3o<\/p>\n","protected":false},"excerpt":{"rendered":"<p>Perspectiva \u00e9 de que o documento possa ser aprovado e publicado em 2021 A diretoria da Companhia Docas do Cear\u00e1 informou que submeteu a proposta&#8230;<\/p>\n","protected":false},"author":1182,"featured_media":34968,"comment_status":"closed","ping_status":"closed","sticky":false,"template":"","format":"standard","meta":{"footnotes":""},"categories":[6],"tags":[2760,4686,295,348,80],"class_list":["post-34967","post","type-post","status-publish","format-standard","has-post-thumbnail","hentry","category-noticias","tag-atualizacao","tag-companhia-docas-do-ceara","tag-documento","tag-fortaleza","tag-porto"],"_links":{"self":[{"href":"https:\/\/www.sincomam.org.br\/index.php\/wp-json\/wp\/v2\/posts\/34967","targetHints":{"allow":["GET"]}}],"collection":[{"href":"https:\/\/www.sincomam.org.br\/index.php\/wp-json\/wp\/v2\/posts"}],"about":[{"href":"https:\/\/www.sincomam.org.br\/index.php\/wp-json\/wp\/v2\/types\/post"}],"author":[{"embeddable":true,"href":"https:\/\/www.sincomam.org.br\/index.php\/wp-json\/wp\/v2\/users\/1182"}],"replies":[{"embeddable":true,"href":"https:\/\/www.sincomam.org.br\/index.php\/wp-json\/wp\/v2\/comments?post=34967"}],"version-history":[{"count":1,"href":"https:\/\/www.sincomam.org.br\/index.php\/wp-json\/wp\/v2\/posts\/34967\/revisions"}],"predecessor-version":[{"id":34969,"href":"https:\/\/www.sincomam.org.br\/index.php\/wp-json\/wp\/v2\/posts\/34967\/revisions\/34969"}],"wp:featuredmedia":[{"embeddable":true,"href":"https:\/\/www.sincomam.org.br\/index.php\/wp-json\/wp\/v2\/media\/34968"}],"wp:attachment":[{"href":"https:\/\/www.sincomam.org.br\/index.php\/wp-json\/wp\/v2\/media?parent=34967"}],"wp:term":[{"taxonomy":"category","embeddable":true,"href":"https:\/\/www.sincomam.org.br\/index.php\/wp-json\/wp\/v2\/categories?post=34967"},{"taxonomy":"post_tag","embeddable":true,"href":"https:\/\/www.sincomam.org.br\/index.php\/wp-json\/wp\/v2\/tags?post=34967"}],"curies":[{"name":"wp","href":"https:\/\/api.w.org\/{rel}","templated":true}]}}