{"id":34961,"date":"2021-05-04T10:48:27","date_gmt":"2021-05-04T13:48:27","guid":{"rendered":"http:\/\/www.sincomam.org.br\/?p=34961"},"modified":"2021-05-04T10:48:27","modified_gmt":"2021-05-04T13:48:27","slug":"covid-19-grave-e-rara-em-criancas-e-adolescentes-mas-causou-mais-de-mil-mortes","status":"publish","type":"post","link":"https:\/\/www.sincomam.org.br\/index.php\/covid-19-grave-e-rara-em-criancas-e-adolescentes-mas-causou-mais-de-mil-mortes\/","title":{"rendered":"Covid-19 grave \u00e9 rara em crian\u00e7as e adolescentes, mas causou mais de mil mortes"},"content":{"rendered":"<p><strong><em>N\u00famero preocupa e refor\u00e7a a necessidade de cuidados, por\u00e9m ainda \u00e9 considerado baixo em rela\u00e7\u00e3o \u00e0 popula\u00e7\u00e3o em geral e em compara\u00e7\u00e3o a outras causas de morte<\/em><\/strong><\/p>\n<p>Ap\u00f3s mais de um ano do in\u00edcio da pandemia do novo coronav\u00edrus, algumas impress\u00f5es iniciais sobre a Covid-19 se mostraram equivocadas. Entre elas, a de que a doen\u00e7a s\u00f3 atingia pessoas idosas e com doen\u00e7as cr\u00f4nicas, e que as crian\u00e7as e adolescentes estariam imunes.<\/p>\n<p>Mas, \u00e0 medida que os mais jovens foram expostos ao v\u00edrus, eles tamb\u00e9m come\u00e7aram a se contaminar e desenvolver formas mais graves e fatais da doen\u00e7a. Desde o come\u00e7o da pandemia no Brasil, em mar\u00e7o de 2020, mais de mil crian\u00e7as e adolescentes j\u00e1 morreram de Covid-19, de acordo a Sociedade Brasileira de Pediatria (SBP) e o Minist\u00e9rio da Sa\u00fade.<\/p>\n<p>O n\u00famero deve servir como alerta para os pais, mas n\u00e3o \u00e9 motivo para desespero, de acordo com especialistas ouvidos pela CNN. A mortalidade por Covid-19 nessa faixa et\u00e1ria \u00e9 considerada baixa quando comparada a outras causas nesse grupo.<\/p>\n<p><em>\u201cAntes dos 5 anos, a maior causa disparada s\u00e3o problemas de m\u00e1-forma\u00e7\u00e3o ou relacionados ao parto. Ap\u00f3s essa idade, lideram o ranking o homic\u00eddio, os acidentes, como os de tr\u00e2nsito e dom\u00e9stico, e o c\u00e2ncer\u201d, diz o m\u00e9dico Paulo Telles, pediatra e neonatologista pela SBP.<\/em><\/p>\n<p>Os dados dispon\u00edveis mais recentes d\u00e3o uma dimens\u00e3o dessa compara\u00e7\u00e3o:<\/p>\n<ul>\n<li>Homic\u00eddios: 9,8 mil foram cometidos contra crian\u00e7as e adolescentes at\u00e9 19 anos em 2018, segundo a Funda\u00e7\u00e3o Abrinq;<\/li>\n<li>Acidentes em geral: 3.300 anualmente, segundo a ONG Crian\u00e7a Segura,<\/li>\n<li>C\u00e2ncer: 2.565 mortes anuais, segundo o Atlas de Mortalidade por C\u00e2ncer do Instituto Nacional de C\u00e2ncer, de 2020.<\/li>\n<\/ul>\n<p>Al\u00e9m disso, as infec\u00e7\u00f5es graves e fatais nessas faixas et\u00e1rias continuam raras. E as estat\u00edsticas comprovam que as taxas de hospitaliza\u00e7\u00e3o, de mortes e de letalidade da doen\u00e7a no Brasil s\u00e3o muito menores nesse grupo do que em outras faixas et\u00e1rias (veja quadro abaixo) e est\u00e3o em baixa na compara\u00e7\u00e3o entre 2020 e 2021.<\/p>\n<p>A maioria das crian\u00e7as costuma ser assintom\u00e1tica ou apresentar sintomas leves, afirma Werther Brunow de Carvalho, professor titular de Terapia Intensiva e Neonatologia do Departamento de Pediatria da Faculdade de Medicina da Universidade de S\u00e3o Paulo.<\/p>\n<p><em>\u201cEm beb\u00eas abaixo de um ano, s\u00e3o comuns dificuldades na alimenta\u00e7\u00e3o e febre. Nas crian\u00e7as at\u00e9 nove anos, a tosse seca e a febre s\u00e3o mais recorrentes. J\u00e1 entre 10 e 19 anos, somam-se dores musculares, falta de ar, diarreia, falta de olfato e paladar, al\u00e9m de coriza\u201d, explica.<\/em><\/p>\n<p>O motivo pelo qual a doen\u00e7a se manifesta dessa forma nessas faixas et\u00e1rias continua incerto, segundo o m\u00e9dico infectologista Marco Aur\u00e9lio S\u00e1fadi, do Hospital Infantil Sabar\u00e1 e presidente do Departamento Cient\u00edfico de Infectologia da Sociedade Brasileira de Pediatria, que \u00e9 coautor de um recente estudo sobre o tema.<\/p>\n<p>Ele diz que entre as hip\u00f3teses levantadas est\u00e3o a de que as crian\u00e7as teriam menor quantidade de receptores do v\u00edrus, maior exposi\u00e7\u00e3o recente a outros coronav\u00edrus comuns (como o que causa resfriado), o que propiciaria uma prote\u00e7\u00e3o cruzada, e imunidade inata mais desenvolvida.<\/p>\n<p><strong>O perigo da SIM-P<\/strong><\/p>\n<p>Apesar de raros, casos graves e mortes de crian\u00e7as por Covid-19 podem ocorrer, e a maioria est\u00e1 relacionada \u00e0 S\u00edndrome Inflamat\u00f3ria Multissist\u00eamica Pedi\u00e1trica (SIM-P). A SIM-P pode se manifestar em at\u00e9 4 semanas depois da contamina\u00e7\u00e3o inicial pelo SARS-CoV-2 e \u00e9 caracterizada por febre persistente e inflama\u00e7\u00e3o em diversos \u00f3rg\u00e3os, como o cora\u00e7\u00e3o, o intestino e, em menor grau, os pulm\u00f5es. A enfermidade tamb\u00e9m leva a dores abdominais, insufici\u00eancia card\u00edaca e convuls\u00f5es.<\/p>\n<p>Conforme artigo publicado pelo peri\u00f3dico Nature ap\u00f3s uma abrangente revis\u00e3o de estudos com pacientes que tiveram Covid-19, a S\u00edndrome Inflamat\u00f3ria Multissist\u00eamica tem afetado desproporcionalmente crian\u00e7as e adolescentes de etnia africana, afro-caribenha ou hisp\u00e2nica.<\/p>\n<p><strong>Vacinas em teste<\/strong><\/p>\n<p>As fabricantes Pfizer e BionTech divulgaram recentemente em comunicado oficial que os dados de seus ensaios cl\u00ednicos de fase 3 com vacinas contra a Covid-19 no grupo et\u00e1rio entre 12 e 15 anos demonstraram 100% de efic\u00e1cia. Por isso, os laborat\u00f3rios est\u00e3o prestes a enviar um pedido de autoriza\u00e7\u00e3o para que seu imunizante seja liberado para jovens dessa faixa et\u00e1ria nos EUA e na Uni\u00e3o Europeia j\u00e1 nos pr\u00f3ximos meses.<\/p>\n<p>As empresas tamb\u00e9m est\u00e3o realizando testes em crian\u00e7as de at\u00e9 12 anos. \u201cOs resultados iniciais vistos nos estudos sugerem que as crian\u00e7as est\u00e3o particularmente bem protegidas pela vacina\u00e7\u00e3o\u201d, disse Ugur Sahin, CEO e cofundador da BioNTech.<\/p>\n<p>Outras companhias como Janssen, Moderna e AstraZeneca tamb\u00e9m est\u00e3o conduzindo estudos com essa faixa et\u00e1ria.<\/p>\n<p>No Brasil, apesar de crian\u00e7as e adolescentes n\u00e3o figurarem nos grupos priorit\u00e1rios do Plano Nacional de Imuniza\u00e7\u00e3o contra a Covid-19 do Minist\u00e9rio da Sa\u00fade, a vacina\u00e7\u00e3o deles tamb\u00e9m \u00e9 importante.<\/p>\n<p>Fonte: Ag\u00eancia Brasil<\/p>\n","protected":false},"excerpt":{"rendered":"<p>N\u00famero preocupa e refor\u00e7a a necessidade de cuidados, por\u00e9m ainda \u00e9 considerado baixo em rela\u00e7\u00e3o \u00e0 popula\u00e7\u00e3o em geral e em compara\u00e7\u00e3o a outras causas&#8230;<\/p>\n","protected":false},"author":1182,"featured_media":30567,"comment_status":"closed","ping_status":"closed","sticky":false,"template":"","format":"standard","meta":{"footnotes":""},"categories":[6],"tags":[602,4682,4307,61,2752,2751,3652,1446,2988,3569,1756,2755,3660,630,4045,4684,4683,674],"class_list":["post-34961","post","type-post","status-publish","format-standard","has-post-thumbnail","hentry","category-noticias","tag-abertura","tag-adolescente","tag-biontech","tag-brasil","tag-coronavirus","tag-covid-19","tag-crianca","tag-escola","tag-infectado","tag-ministerio-da-saude","tag-morte","tag-pandemia","tag-perigo","tag-pesquisa","tag-pfizer","tag-sim-p","tag-sociedade-brasileira-de-pediatria-sbp","tag-vacina"],"_links":{"self":[{"href":"https:\/\/www.sincomam.org.br\/index.php\/wp-json\/wp\/v2\/posts\/34961","targetHints":{"allow":["GET"]}}],"collection":[{"href":"https:\/\/www.sincomam.org.br\/index.php\/wp-json\/wp\/v2\/posts"}],"about":[{"href":"https:\/\/www.sincomam.org.br\/index.php\/wp-json\/wp\/v2\/types\/post"}],"author":[{"embeddable":true,"href":"https:\/\/www.sincomam.org.br\/index.php\/wp-json\/wp\/v2\/users\/1182"}],"replies":[{"embeddable":true,"href":"https:\/\/www.sincomam.org.br\/index.php\/wp-json\/wp\/v2\/comments?post=34961"}],"version-history":[{"count":1,"href":"https:\/\/www.sincomam.org.br\/index.php\/wp-json\/wp\/v2\/posts\/34961\/revisions"}],"predecessor-version":[{"id":34962,"href":"https:\/\/www.sincomam.org.br\/index.php\/wp-json\/wp\/v2\/posts\/34961\/revisions\/34962"}],"wp:featuredmedia":[{"embeddable":true,"href":"https:\/\/www.sincomam.org.br\/index.php\/wp-json\/wp\/v2\/media\/30567"}],"wp:attachment":[{"href":"https:\/\/www.sincomam.org.br\/index.php\/wp-json\/wp\/v2\/media?parent=34961"}],"wp:term":[{"taxonomy":"category","embeddable":true,"href":"https:\/\/www.sincomam.org.br\/index.php\/wp-json\/wp\/v2\/categories?post=34961"},{"taxonomy":"post_tag","embeddable":true,"href":"https:\/\/www.sincomam.org.br\/index.php\/wp-json\/wp\/v2\/tags?post=34961"}],"curies":[{"name":"wp","href":"https:\/\/api.w.org\/{rel}","templated":true}]}}