{"id":34942,"date":"2021-05-03T11:02:10","date_gmt":"2021-05-03T14:02:10","guid":{"rendered":"http:\/\/www.sincomam.org.br\/?p=34942"},"modified":"2021-05-03T11:02:10","modified_gmt":"2021-05-03T14:02:10","slug":"covid-19-pessoas-com-comorbidades-serao-imunizadas-a-partir-de-maio","status":"publish","type":"post","link":"https:\/\/www.sincomam.org.br\/index.php\/covid-19-pessoas-com-comorbidades-serao-imunizadas-a-partir-de-maio\/","title":{"rendered":"Covid-19: pessoas com comorbidades ser\u00e3o imunizadas a partir de maio"},"content":{"rendered":"<p><strong><em>Minist\u00e9rio da Sa\u00fade diz que p\u00fablico ser\u00e1 vacinado de acordo com idade<\/em><\/strong><\/p>\n<p>Em maio come\u00e7a uma nova fase da vacina\u00e7\u00e3o contra a covid-19 no pa\u00eds. O foco agora s\u00e3o as pessoas com doen\u00e7as pr\u00e9-existentes como problemas card\u00edacos e do pulm\u00e3o, hipertens\u00e3o arterial e diabetes que podem oferecer risco de agravamento da doen\u00e7a.<\/p>\n<p><strong><a href=\"https:\/\/www.gov.br\/saude\/pt-br\/media\/pdf\/2021\/marco\/23\/plano-nacional-de-vacinacao-covid-19-de-2021\" target=\"_blank\" rel=\"noopener\">Veja a rela\u00e7\u00e3o completa de comorbidades do Minist\u00e9rio da Sa\u00fade.<\/a><\/strong><\/p>\n<p>Para garantir a vacina\u00e7\u00e3o desse grupo, o Minist\u00e9rio da Sa\u00fade explica que \u00e9 importante que essas pessoas estejam pr\u00e9-cadastradas no Sistema de Informa\u00e7\u00e3o do Programa Nacional de Imuniza\u00e7\u00f5es ou em alguma unidade de sa\u00fade do SUS.<\/p>\n<p>Mas, quem n\u00e3o tiver a inscri\u00e7\u00e3o vai poder tomar a vacina. Para isso, \u00e9 preciso apresentar no momento da imuniza\u00e7\u00e3o, um comprovante da comorbidade, como exames, receitas, relat\u00f3rio m\u00e9dico ou prescri\u00e7\u00e3o m\u00e9dica.<\/p>\n<p>A convoca\u00e7\u00e3o desse grupo ser\u00e1 de acordo com a idade, dos mais velhos aos mais jovens. Ent\u00e3o os primeiros a serem convocados ser\u00e3o as pessoas de 55 a 59 anos, depois de 50 a 54 anos, e assim por diante.<\/p>\n<p>Desde o in\u00edcio da campanha de vacina\u00e7\u00e3o, no dia 18 de janeiro, j\u00e1 foram distribu\u00eddas mais de 53 milh\u00f5es de doses de vacinas covid-19, alcan\u00e7ando aproximadamente 30 milh\u00f5es de pessoas.<\/p>\n<p>At\u00e9 o momento foram vacinados os seguintes grupos priorit\u00e1rios: Trabalhadores de sa\u00fade; pessoas acima de 60 anos que morem em abrigos, pessoas com mais de 18 anos com defici\u00eancia que tamb\u00e9m morem em abrigos. Idosos a partir de 65 anos, povos ind\u00edgenas, quilombolas e a popula\u00e7\u00e3o ribeirinha.<\/p>\n<p>Al\u00e9m das For\u00e7as de seguran\u00e7a e salvamento e For\u00e7as Armadas as pessoas com mais de 60 anos est\u00e3o sendo vacinadas conforme o calend\u00e1rio de cada estado, mas est\u00e3o garantidas ainda nessa primeira fase de vacina\u00e7\u00e3o.<\/p>\n<p>B<strong>rasil chega aos 407 mil mortes por Covi-19<\/strong><\/p>\n<p>O Brasil registrou 407.639 mortes por covid-19, conforme \u00faltima atualiza\u00e7\u00e3o do Minist\u00e9rio da Sa\u00fade divulgada neste domingo (2). Em 24 horas, foram registrados 1.202 novos \u00f3bitos pelas secretarias estaduais de sa\u00fade. <img decoding=\"async\" src=\"https:\/\/agenciabrasil.ebc.com.br\/ebc.png?id=1408469&amp;o=node\" \/><img decoding=\"async\" src=\"https:\/\/agenciabrasil.ebc.com.br\/ebc.gif?id=1408469&amp;o=node\" \/><\/p>\n<p>A soma de casos confirmados ficou em 14,754 milh\u00f5es. Os dados indicam tamb\u00e9m que 1,068 milh\u00e3o de pacientes est\u00e3o, neste momento, em acompanhamento m\u00e9dico. Outros 13,278 milh\u00f5es, o correspondente a 90% dos infectados, se recuperaram da doen\u00e7a.<\/p>\n<p>Fonte: Ag\u00eancia Brasil<\/p>\n","protected":false},"excerpt":{"rendered":"<p>Minist\u00e9rio da Sa\u00fade diz que p\u00fablico ser\u00e1 vacinado de acordo com idade Em maio come\u00e7a uma nova fase da vacina\u00e7\u00e3o contra a covid-19 no pa\u00eds&#8230;.<\/p>\n","protected":false},"author":1182,"featured_media":34442,"comment_status":"closed","ping_status":"closed","sticky":false,"template":"","format":"standard","meta":{"footnotes":""},"categories":[6],"tags":[61,858,4671,2752,2751,4672,1460,623,2755,1375,674,980],"class_list":["post-34942","post","type-post","status-publish","format-standard","has-post-thumbnail","hentry","category-noticias","tag-brasil","tag-campanha","tag-comorbidades","tag-coronavirus","tag-covid-19","tag-imunizadacao","tag-infectados","tag-mortos","tag-pandemia","tag-populacao","tag-vacina","tag-vacinacao"],"_links":{"self":[{"href":"https:\/\/www.sincomam.org.br\/index.php\/wp-json\/wp\/v2\/posts\/34942","targetHints":{"allow":["GET"]}}],"collection":[{"href":"https:\/\/www.sincomam.org.br\/index.php\/wp-json\/wp\/v2\/posts"}],"about":[{"href":"https:\/\/www.sincomam.org.br\/index.php\/wp-json\/wp\/v2\/types\/post"}],"author":[{"embeddable":true,"href":"https:\/\/www.sincomam.org.br\/index.php\/wp-json\/wp\/v2\/users\/1182"}],"replies":[{"embeddable":true,"href":"https:\/\/www.sincomam.org.br\/index.php\/wp-json\/wp\/v2\/comments?post=34942"}],"version-history":[{"count":1,"href":"https:\/\/www.sincomam.org.br\/index.php\/wp-json\/wp\/v2\/posts\/34942\/revisions"}],"predecessor-version":[{"id":34943,"href":"https:\/\/www.sincomam.org.br\/index.php\/wp-json\/wp\/v2\/posts\/34942\/revisions\/34943"}],"wp:featuredmedia":[{"embeddable":true,"href":"https:\/\/www.sincomam.org.br\/index.php\/wp-json\/wp\/v2\/media\/34442"}],"wp:attachment":[{"href":"https:\/\/www.sincomam.org.br\/index.php\/wp-json\/wp\/v2\/media?parent=34942"}],"wp:term":[{"taxonomy":"category","embeddable":true,"href":"https:\/\/www.sincomam.org.br\/index.php\/wp-json\/wp\/v2\/categories?post=34942"},{"taxonomy":"post_tag","embeddable":true,"href":"https:\/\/www.sincomam.org.br\/index.php\/wp-json\/wp\/v2\/tags?post=34942"}],"curies":[{"name":"wp","href":"https:\/\/api.w.org\/{rel}","templated":true}]}}