{"id":34905,"date":"2021-04-30T13:55:51","date_gmt":"2021-04-30T16:55:51","guid":{"rendered":"http:\/\/www.sincomam.org.br\/?p=34905"},"modified":"2021-04-30T13:56:13","modified_gmt":"2021-04-30T16:56:13","slug":"em-coletiva-da-oms-ministro-da-saude-diz-ser-possivel-garantir-que-toda-a-populacao-brasileira-sera-vacinada-ate-o-fim-de-2021","status":"publish","type":"post","link":"https:\/\/www.sincomam.org.br\/index.php\/em-coletiva-da-oms-ministro-da-saude-diz-ser-possivel-garantir-que-toda-a-populacao-brasileira-sera-vacinada-ate-o-fim-de-2021\/","title":{"rendered":"Em coletiva da OMS, ministro da Sa\u00fade diz ser &#8216;poss\u00edvel garantir&#8217; que toda a popula\u00e7\u00e3o brasileira ser\u00e1 vacinada at\u00e9 o fim de 2021"},"content":{"rendered":"<p><strong><em>Marcelo Queiroga afirmou que o Brasil ter\u00e1 500 milh\u00f5es de doses at\u00e9 o fim do ano e pediu que pa\u00edses que tivessem doses excedentes de vacinas fizessem doa\u00e7\u00f5es ao pa\u00eds<\/em><\/strong><\/p>\n<p>Ao participar de uma coletiva de imprensa nesta sexta-feira (30) junto \u00e0 Organiza\u00e7\u00e3o Mundial de Sa\u00fade (OMS), o ministro da Sa\u00fade, Marcelo Queiroga, disse que &#8220;\u00e9 poss\u00edvel garantir&#8221; que toda a popula\u00e7\u00e3o brasileira ser\u00e1 vacinada contra a Covid-19 at\u00e9 o final de 2021.<\/p>\n<p><em>&#8220;Temos doses suficientes para o segundo semestre e \u00e9 poss\u00edvel se garantir que at\u00e9 o final do ano de 2021 tenhamos nossa popula\u00e7\u00e3o inteiramente vacinada&#8221;, afirmou o ministro.<\/em><\/p>\n<p>Queiroga disse que o pa\u00eds ter\u00e1 500 milh\u00f5es de doses de vacina at\u00e9 o fim do ano.<\/p>\n<p><em>&#8220;Optamos por uma estrat\u00e9gia diversificada, que inclui parcerias para transfer\u00eancia de tecnologia e produ\u00e7\u00e3o nacional, contratos bilaterais com farmac\u00eauticas e a participa\u00e7\u00e3o no mecanismo Covax Facility, totalizando mais de 500 milh\u00f5es de doses de vacinas contratadas&#8221;.<\/em><\/p>\n<p>Segundo o ministro, o governo tamb\u00e9m est\u00e1 na &#8220;imin\u00eancia de assinar&#8221; um contrato com a Pfizer para adquirir mais 100 milh\u00f5es de doses.<\/p>\n<p>Queiroga pediu que pa\u00edses que tivessem doses excedentes fizessem doa\u00e7\u00f5es ao Brasil.<\/p>\n<p><em>&#8220;Reiteramos nosso apelo para quem tem dose extra da vacina que compartilhe com o Brasil para que a gente consiga conter a fase cr\u00edtica da pandemia e evitar a prolifera\u00e7\u00e3o de novas linhagens do v\u00edrus&#8221;, disse o ministro.<\/em><\/p>\n<p><strong>Vacina\u00e7\u00e3o lenta<\/strong><\/p>\n<p>At\u00e9 agora, o Brasil s\u00f3 vacinou 15 milh\u00f5es de pessoas com as duas doses de alguma das duas vacinas usadas no pa\u00eds \u2013 a de Oxford e a CoronaVac. Segundo o vacin\u00f4metro do Minist\u00e9rio da Sa\u00fade, 59,8 milh\u00f5es de doses j\u00e1 foram distribu\u00eddas aos estados.<\/p>\n<p>Na quinta-feira (29), chegaram em solo brasileiro 1 milh\u00e3o de doses da vacina da Pfizer, a primeira remessa da farmac\u00eautica.<\/p>\n<p>Para maio, o Brasil deve ter 34,5 milh\u00f5es de doses de vacinas contra a Covid-19, segundo o \u00faltimo cronograma divulgado pelo Minist\u00e9rio da Sa\u00fade.<\/p>\n<p>A previs\u00e3o soma doses das vacinas de Oxford\/Fiocruz, CoronaVac\/Butantan, Pfizer\/BioNTech e, tamb\u00e9m, as recebidas pelo cons\u00f3rcio Covax, iniciativa liderada pela OMS que tem como objetivo garantir um acesso mais igualit\u00e1rio \u00e0s vacinas:<\/p>\n<ul>\n<li>Fiocruz (AstraZeneca\/Oxford): 21,5 milh\u00f5es<\/li>\n<li>Butantan (Sinovac\/CoronaVac): 5,6 milh\u00f5es<\/li>\n<li>Covax (AstraZeneca): 4 milh\u00f5es<\/li>\n<li>Covax (Pfizer\/BioNTech): 842,4 mil<\/li>\n<li>Pfizer\/BioNTech: 2,5 milh\u00f5es<\/li>\n<\/ul>\n<p><strong>\u2018Brasil \u00e9 um dos mais afetados pela pandemia\u2019<\/strong><\/p>\n<p>Em seu discurso de abertura, o diretor-geral da OMS, Tedros Adhanom Ghebreyesus, falou sobre a pandemia no Brasil.<\/p>\n<p><em>\u201cDesde o in\u00edcio de novembro, o Brasil vive uma crise aguda, com aumento de casos de Covid-19, interna\u00e7\u00f5es e \u00f3bitos, inclusive entre os mais jovens. Durante o m\u00eas de abril, as unidades de terapia intensiva estiveram quase lotadas em todo o pa\u00eds\u201d, disse.<\/em><\/p>\n<p>Ele se solidarizou com o Brasil e disse que a pandemia mostrou que as pessoas n\u00e3o devem baixar a guarda.<\/p>\n<p><em>\u201cO Brasil tem uma longa e orgulhosa hist\u00f3ria de sa\u00fade p\u00fablica, com tr\u00eas d\u00e9cadas de investimentos, mas a pandemia de Covid-19 atingiu fortemente o sistema de sa\u00fade e amea\u00e7a desfazer esses ganhos\u201d, lembrou.<\/em><\/p>\n<p>Fonte: G1<\/p>\n","protected":false},"excerpt":{"rendered":"<p>Marcelo Queiroga afirmou que o Brasil ter\u00e1 500 milh\u00f5es de doses at\u00e9 o fim do ano e pediu que pa\u00edses que tivessem doses excedentes de&#8230;<\/p>\n","protected":false},"author":1182,"featured_media":30124,"comment_status":"closed","ping_status":"closed","sticky":false,"template":"","format":"standard","meta":{"footnotes":""},"categories":[6],"tags":[61,4665,2752,2751,2917,4246,2988,4457,3569,1756,1794,4664,4666,1375,260,674],"class_list":["post-34905","post","type-post","status-publish","format-standard","has-post-thumbnail","hentry","category-noticias","tag-brasil","tag-coronavac-butantan","tag-coronavirus","tag-covid-19","tag-doacao","tag-dose","tag-infectado","tag-marcelo-queiroga","tag-ministerio-da-saude","tag-morte","tag-oms","tag-oxford-fiocruz","tag-pfizer-biontech","tag-populacao","tag-reuniao","tag-vacina"],"_links":{"self":[{"href":"https:\/\/www.sincomam.org.br\/index.php\/wp-json\/wp\/v2\/posts\/34905","targetHints":{"allow":["GET"]}}],"collection":[{"href":"https:\/\/www.sincomam.org.br\/index.php\/wp-json\/wp\/v2\/posts"}],"about":[{"href":"https:\/\/www.sincomam.org.br\/index.php\/wp-json\/wp\/v2\/types\/post"}],"author":[{"embeddable":true,"href":"https:\/\/www.sincomam.org.br\/index.php\/wp-json\/wp\/v2\/users\/1182"}],"replies":[{"embeddable":true,"href":"https:\/\/www.sincomam.org.br\/index.php\/wp-json\/wp\/v2\/comments?post=34905"}],"version-history":[{"count":1,"href":"https:\/\/www.sincomam.org.br\/index.php\/wp-json\/wp\/v2\/posts\/34905\/revisions"}],"predecessor-version":[{"id":34906,"href":"https:\/\/www.sincomam.org.br\/index.php\/wp-json\/wp\/v2\/posts\/34905\/revisions\/34906"}],"wp:featuredmedia":[{"embeddable":true,"href":"https:\/\/www.sincomam.org.br\/index.php\/wp-json\/wp\/v2\/media\/30124"}],"wp:attachment":[{"href":"https:\/\/www.sincomam.org.br\/index.php\/wp-json\/wp\/v2\/media?parent=34905"}],"wp:term":[{"taxonomy":"category","embeddable":true,"href":"https:\/\/www.sincomam.org.br\/index.php\/wp-json\/wp\/v2\/categories?post=34905"},{"taxonomy":"post_tag","embeddable":true,"href":"https:\/\/www.sincomam.org.br\/index.php\/wp-json\/wp\/v2\/tags?post=34905"}],"curies":[{"name":"wp","href":"https:\/\/api.w.org\/{rel}","templated":true}]}}