{"id":34903,"date":"2021-04-30T13:37:22","date_gmt":"2021-04-30T16:37:22","guid":{"rendered":"http:\/\/www.sincomam.org.br\/?p=34903"},"modified":"2021-04-30T13:37:22","modified_gmt":"2021-04-30T16:37:22","slug":"petrobras-reduz-precos-do-diesel-e-da-gasolina-nas-refinarias","status":"publish","type":"post","link":"https:\/\/www.sincomam.org.br\/index.php\/petrobras-reduz-precos-do-diesel-e-da-gasolina-nas-refinarias\/","title":{"rendered":"Petrobras reduz pre\u00e7os do diesel e da gasolina nas refinarias"},"content":{"rendered":"<p><strong><em>Novos valores entram em vigor neste s\u00e1bado<\/em><\/strong><\/p>\n<p>O pre\u00e7o da gasolina e do diesel ser\u00e1 reduzido a partir de amanh\u00e3 (1\u00ba) nas refinarias da Petrobras. A estatal anunciou hoje (30), no Rio de Janeiro, que o litro da gasolina passar\u00e1 de R$ 2,64 para R$ 2,59 (- R$ 0,06 ou -1,9%), enquanto o do diesel cair\u00e1 de R$ 2,76 para R$ 2,71 (- R$ 0,05 ou -1,8%).<\/p>\n<p>O combust\u00edvel vendido pelas refinarias da Petrobras \u00e9 adquirido por distribuidoras e passa tamb\u00e9m pelos postos revendedores antes de ser vendido ao consumidor final. At\u00e9 chegar aos ve\u00edculos, s\u00e3o acrescidos tributos federais e estaduais, custos para aquisi\u00e7\u00e3o e mistura obrigat\u00f3ria de biodiesel e etanol anidro, al\u00e9m das margens brutas das companhias distribuidoras e dos postos revendedores de combust\u00edveis.<\/p>\n<p>Por isso, a estatal afirma que a varia\u00e7\u00e3o de pre\u00e7os nas refinarias tem influ\u00eancia limitada no pre\u00e7o encontrado pelos motoristas nos postos de revenda.<\/p>\n<p>Os reajustes nos pre\u00e7os de diesel e gasolina s\u00e3o usados pela Petrobras para buscar equil\u00edbrio com o mercado internacional, acompanhando as varia\u00e7\u00f5es do valor global dos combust\u00edveis e da taxa de c\u00e2mbio entre o real e o d\u00f3lar.<\/p>\n<p>A estatal defende que as mudan\u00e7as nos pre\u00e7os praticados nas refinarias devem ocorrer sem periodicidade definida, acompanhando as condi\u00e7\u00f5es de mercado e da an\u00e1lise do ambiente externo. Segundo a empresa, &#8220;isso possibilita competir de maneira mais eficiente e flex\u00edvel e evita o repasse imediato da volatilidade externa para os pre\u00e7os internos&#8221;.<\/p>\n<p>Fonte: Ag\u00eancia Brasil<\/p>\n<p>Foto: Ag\u00eancia Petrobras<\/p>\n","protected":false},"excerpt":{"rendered":"<p>Novos valores entram em vigor neste s\u00e1bado O pre\u00e7o da gasolina e do diesel ser\u00e1 reduzido a partir de amanh\u00e3 (1\u00ba) nas refinarias da Petrobras&#8230;.<\/p>\n","protected":false},"author":1182,"featured_media":17166,"comment_status":"closed","ping_status":"closed","sticky":false,"template":"","format":"standard","meta":{"footnotes":""},"categories":[6],"tags":[111,765,2982,58,298,767,108],"class_list":["post-34903","post","type-post","status-publish","format-standard","has-post-thumbnail","hentry","category-noticias","tag-diesel","tag-gasolina","tag-maio","tag-petrobras","tag-preco","tag-reducao","tag-refinaria"],"_links":{"self":[{"href":"https:\/\/www.sincomam.org.br\/index.php\/wp-json\/wp\/v2\/posts\/34903","targetHints":{"allow":["GET"]}}],"collection":[{"href":"https:\/\/www.sincomam.org.br\/index.php\/wp-json\/wp\/v2\/posts"}],"about":[{"href":"https:\/\/www.sincomam.org.br\/index.php\/wp-json\/wp\/v2\/types\/post"}],"author":[{"embeddable":true,"href":"https:\/\/www.sincomam.org.br\/index.php\/wp-json\/wp\/v2\/users\/1182"}],"replies":[{"embeddable":true,"href":"https:\/\/www.sincomam.org.br\/index.php\/wp-json\/wp\/v2\/comments?post=34903"}],"version-history":[{"count":1,"href":"https:\/\/www.sincomam.org.br\/index.php\/wp-json\/wp\/v2\/posts\/34903\/revisions"}],"predecessor-version":[{"id":34904,"href":"https:\/\/www.sincomam.org.br\/index.php\/wp-json\/wp\/v2\/posts\/34903\/revisions\/34904"}],"wp:featuredmedia":[{"embeddable":true,"href":"https:\/\/www.sincomam.org.br\/index.php\/wp-json\/wp\/v2\/media\/17166"}],"wp:attachment":[{"href":"https:\/\/www.sincomam.org.br\/index.php\/wp-json\/wp\/v2\/media?parent=34903"}],"wp:term":[{"taxonomy":"category","embeddable":true,"href":"https:\/\/www.sincomam.org.br\/index.php\/wp-json\/wp\/v2\/categories?post=34903"},{"taxonomy":"post_tag","embeddable":true,"href":"https:\/\/www.sincomam.org.br\/index.php\/wp-json\/wp\/v2\/tags?post=34903"}],"curies":[{"name":"wp","href":"https:\/\/api.w.org\/{rel}","templated":true}]}}