{"id":34891,"date":"2021-04-29T13:10:55","date_gmt":"2021-04-29T16:10:55","guid":{"rendered":"http:\/\/www.sincomam.org.br\/?p=34891"},"modified":"2021-04-29T13:10:55","modified_gmt":"2021-04-29T16:10:55","slug":"caminhoes-ganham-novo-acesso-para-o-porto-do-rio-de-janeiro","status":"publish","type":"post","link":"https:\/\/www.sincomam.org.br\/index.php\/caminhoes-ganham-novo-acesso-para-o-porto-do-rio-de-janeiro\/","title":{"rendered":"Caminh\u00f5es ganham novo acesso para o Porto do Rio de Janeiro"},"content":{"rendered":"<p><strong><em>Obra da Avenida Portu\u00e1ria foi inaugurada com a presen\u00e7a do Ministro Tarc\u00edsio Gomes de Freitas<\/em><\/strong><\/p>\n<p>Com a presen\u00e7a do Ministro da Infraestrutura, Tarc\u00edsio Gomes de Freitas, e do secret\u00e1rio-executivo do MInfra, Marcelo Sampaio, a concession\u00e1ria Ecoponte inaugurou a Avenida Portu\u00e1ria, junto ao Porto do Rio de Janeiro, nesta quarta-feira (28).<\/p>\n<p>A via expressa, com dois sentidos, \u00e9 exclusiva para ve\u00edculos de carga e faz a liga\u00e7\u00e3o da Avenida Brasil, uma das mais importantes da cidade. A expectativa \u00e9 que trafeguem pela avenida cerca de 2,6 mil ve\u00edculos diariamente.<\/p>\n<p>A Avenida Portu\u00e1ria foi constru\u00edda junto com a al\u00e7a de liga\u00e7\u00e3o da Ponte Rio-Niter\u00f3i com a Linha Vermelha, inaugurada h\u00e1 um ano e as duas obras tiveram investimentos de R$ 450 milh\u00f5es, que gerou cerca de 1,5 mil empregos diretos e indiretos. Os dois empreendimentos s\u00e3o os principais do atual contrato de concess\u00e3o da Ponte.<\/p>\n<p>*Com informa\u00e7\u00f5es da Ecoponte e MInfra<\/p>\n<p>Foto: Ricardo Botelho\/Aescom MInfra<\/p>\n","protected":false},"excerpt":{"rendered":"<p>Obra da Avenida Portu\u00e1ria foi inaugurada com a presen\u00e7a do Ministro Tarc\u00edsio Gomes de Freitas Com a presen\u00e7a do Ministro da Infraestrutura, Tarc\u00edsio Gomes de&#8230;<\/p>\n","protected":false},"author":1182,"featured_media":34892,"comment_status":"closed","ping_status":"closed","sticky":false,"template":"","format":"standard","meta":{"footnotes":""},"categories":[6],"tags":[1336,4206,536,2979,4362,2051],"class_list":["post-34891","post","type-post","status-publish","format-standard","has-post-thumbnail","hentry","category-noticias","tag-acesso","tag-caminhao","tag-inauguracao","tag-ministerio-da-infraestrutura","tag-obra","tag-porto-do-rio-de-janeiro"],"_links":{"self":[{"href":"https:\/\/www.sincomam.org.br\/index.php\/wp-json\/wp\/v2\/posts\/34891","targetHints":{"allow":["GET"]}}],"collection":[{"href":"https:\/\/www.sincomam.org.br\/index.php\/wp-json\/wp\/v2\/posts"}],"about":[{"href":"https:\/\/www.sincomam.org.br\/index.php\/wp-json\/wp\/v2\/types\/post"}],"author":[{"embeddable":true,"href":"https:\/\/www.sincomam.org.br\/index.php\/wp-json\/wp\/v2\/users\/1182"}],"replies":[{"embeddable":true,"href":"https:\/\/www.sincomam.org.br\/index.php\/wp-json\/wp\/v2\/comments?post=34891"}],"version-history":[{"count":1,"href":"https:\/\/www.sincomam.org.br\/index.php\/wp-json\/wp\/v2\/posts\/34891\/revisions"}],"predecessor-version":[{"id":34893,"href":"https:\/\/www.sincomam.org.br\/index.php\/wp-json\/wp\/v2\/posts\/34891\/revisions\/34893"}],"wp:featuredmedia":[{"embeddable":true,"href":"https:\/\/www.sincomam.org.br\/index.php\/wp-json\/wp\/v2\/media\/34892"}],"wp:attachment":[{"href":"https:\/\/www.sincomam.org.br\/index.php\/wp-json\/wp\/v2\/media?parent=34891"}],"wp:term":[{"taxonomy":"category","embeddable":true,"href":"https:\/\/www.sincomam.org.br\/index.php\/wp-json\/wp\/v2\/categories?post=34891"},{"taxonomy":"post_tag","embeddable":true,"href":"https:\/\/www.sincomam.org.br\/index.php\/wp-json\/wp\/v2\/tags?post=34891"}],"curies":[{"name":"wp","href":"https:\/\/api.w.org\/{rel}","templated":true}]}}