{"id":3489,"date":"2014-02-11T10:04:07","date_gmt":"2014-02-11T12:04:07","guid":{"rendered":"http:\/\/www.sincomam.org.br\/?p=3489"},"modified":"2014-02-11T11:59:34","modified_gmt":"2014-02-11T13:59:34","slug":"governo-quer-arrendar-blocos-nos-portos-de-salvador-e-aratu","status":"publish","type":"post","link":"https:\/\/www.sincomam.org.br\/index.php\/governo-quer-arrendar-blocos-nos-portos-de-salvador-e-aratu\/","title":{"rendered":"Governo quer arrendar blocos nos portos de Salvador e Aratu"},"content":{"rendered":"<p><em><strong>Governo Federal espera realizar ainda neste semestre a licita\u00e7\u00e3o de dois blocos de arrendamento\u00a0<\/strong><\/em><\/p>\n<p>As \u00e1reas nos portos de Salvador e Aratu est\u00e3o na rela\u00e7\u00e3o de licita\u00e7\u00e3o dos dois blocos de arrendamento do governo, junto com os terminais de S\u00e3o Sebasti\u00e3o, Santos e Paranagu\u00e1. <\/p>\n<p>O cronograma foi confirmado pelo\u00a0 ministro da SEP (Secretaria Especial de Portos), Antonio Henrique Pinheiro Silveira. Somente no primeiro bloco de licita\u00e7\u00f5es o governo estima investimentos de R$ 5,7 bilh\u00f5es, dos quais R$ 1,7 bilh\u00e3o em Santos.<\/p>\n<p>A licita\u00e7\u00e3o do primeiro bloco, que inclui 29 \u00e1reas no Porto de Santos e em portos do Par\u00e1, deveria ter ocorrido no ano passado, mas, como o TCU (Tribunal de Contas da Uni\u00e3o) estabeleceu 19 condi\u00e7\u00f5es para autorizar o processo, o cronograma acabou sendo alterado. <\/p>\n<p>O segundo bloco, que inclui \u00e1reas em Aratu e Salvador, deve ter o edital publicado em fevereiro. Das 19 condi\u00e7\u00f5es impostas, o governo atendeu 15, mas recorreu contra quatro delas, entre as quais uma que barrava todo o processo at\u00e9 que todas as d\u00favidas, ainda que relativas a \u00e1reas espec\u00edficas fossem sanadas.<\/p>\n<p>O TCU ainda n\u00e3o estabeleceu uma data para julgar os recursos do governo, mas o ministro est\u00e1 otimista quanto \u00e0 libera\u00e7\u00e3o dos editais. A expectativa \u00e9 publicar os editais do primeiro bloco no fim de fevereiro e come\u00e7ar a fazer as licita\u00e7\u00f5es no in\u00edcio de abril. <\/p>\n<p>Ao todo, o governo quer licitar este ano 159 \u00e1reas em quatro blocos. O segundo bloco de arrendamentos envolve um total de 39 \u00e1reas nos portos de S\u00e3o Sebasti\u00e3o, Salvador, Aratu e Paranagu\u00e1.<\/p>\n<p>Fonte: Guia Mar\u00edtimo<\/p>\n<p>&nbsp;<\/p>\n","protected":false},"excerpt":{"rendered":"<p>Governo Federal espera realizar ainda neste semestre a licita\u00e7\u00e3o de dois blocos de arrendamento\u00a0 As \u00e1reas nos portos de Salvador e Aratu est\u00e3o na rela\u00e7\u00e3o&#8230;<\/p>\n","protected":false},"author":1182,"featured_media":0,"comment_status":"closed","ping_status":"closed","sticky":false,"template":"","format":"standard","meta":{"footnotes":""},"categories":[6],"tags":[413,414,69],"class_list":["post-3489","post","type-post","status-publish","format-standard","hentry","category-noticias","tag-arredamento","tag-governo-federal","tag-portos"],"_links":{"self":[{"href":"https:\/\/www.sincomam.org.br\/index.php\/wp-json\/wp\/v2\/posts\/3489","targetHints":{"allow":["GET"]}}],"collection":[{"href":"https:\/\/www.sincomam.org.br\/index.php\/wp-json\/wp\/v2\/posts"}],"about":[{"href":"https:\/\/www.sincomam.org.br\/index.php\/wp-json\/wp\/v2\/types\/post"}],"author":[{"embeddable":true,"href":"https:\/\/www.sincomam.org.br\/index.php\/wp-json\/wp\/v2\/users\/1182"}],"replies":[{"embeddable":true,"href":"https:\/\/www.sincomam.org.br\/index.php\/wp-json\/wp\/v2\/comments?post=3489"}],"version-history":[{"count":2,"href":"https:\/\/www.sincomam.org.br\/index.php\/wp-json\/wp\/v2\/posts\/3489\/revisions"}],"predecessor-version":[{"id":3491,"href":"https:\/\/www.sincomam.org.br\/index.php\/wp-json\/wp\/v2\/posts\/3489\/revisions\/3491"}],"wp:attachment":[{"href":"https:\/\/www.sincomam.org.br\/index.php\/wp-json\/wp\/v2\/media?parent=3489"}],"wp:term":[{"taxonomy":"category","embeddable":true,"href":"https:\/\/www.sincomam.org.br\/index.php\/wp-json\/wp\/v2\/categories?post=3489"},{"taxonomy":"post_tag","embeddable":true,"href":"https:\/\/www.sincomam.org.br\/index.php\/wp-json\/wp\/v2\/tags?post=3489"}],"curies":[{"name":"wp","href":"https:\/\/api.w.org\/{rel}","templated":true}]}}