{"id":34884,"date":"2021-04-29T12:26:26","date_gmt":"2021-04-29T15:26:26","guid":{"rendered":"http:\/\/www.sincomam.org.br\/?p=34884"},"modified":"2021-04-29T12:29:53","modified_gmt":"2021-04-29T15:29:53","slug":"receita-libera-nova-versao-do-programa-do-ir-2021","status":"publish","type":"post","link":"https:\/\/www.sincomam.org.br\/index.php\/receita-libera-nova-versao-do-programa-do-ir-2021\/","title":{"rendered":"Receita libera nova vers\u00e3o do programa do IR 2021"},"content":{"rendered":"<p><strong><em>Quem recebeu rendimentos tribut\u00e1veis acima de R$ 28.559,70 em 2020 tem que declarar, informou Receita Federal<\/em><\/strong><\/p>\n<p>A Receita Federal liberou uma nova vers\u00e3o do Programa do Imposto de Renda 2021, que atende \u00e0 prorroga\u00e7\u00e3o do prazo para declara\u00e7\u00e3o at\u00e9 31 de maio.<\/p>\n<p>O novo programa passa a emitir as guias do Documento de Arrecada\u00e7\u00e3o de Receitas Federais (DAR) com novas datas de vencimento, considerando a extens\u00e3o do prazo para declara\u00e7\u00e3o: os vencimentos antes estabelecidos para 30 de abril agora passam ser emitidos como 31 de maio.<\/p>\n<p>A Receita ressalta que, para quem j\u00e1 enviou a declara\u00e7\u00e3o, o DARF emitido com data de vencimento para 30 de abril pode ser pago at\u00e9 31 de maio sem qual quer acr\u00e9scimo. N\u00e3o \u00e9 preciso refazer a declara\u00e7\u00e3o no novo programa.<\/p>\n<p><strong>Foram prorrogadas para 31 de maio as datas de vencimento para o pagamento:<\/strong><\/p>\n<ul>\n<li>do DARF cota \u00fanica;<\/li>\n<li>da primeira cota;<\/li>\n<li>da devolu\u00e7\u00e3o do Aux\u00edlio Emergencial;<\/li>\n<li>da doa\u00e7\u00e3o relativa ao Estatuto da Crian\u00e7a e do Adolescente; e<\/li>\n<li>da doa\u00e7\u00e3o relativa aos Fundos controlados pelos conselhos do Idoso.<\/li>\n<\/ul>\n<p>A Receita alerta que os contribuintes que consultarem seus d\u00e9bitos pelo e-CAC ainda poder\u00e3o ver os valores de DARF com vencimento em 30\/04. Ap\u00f3s esta data, esses d\u00e9bitos aparecer\u00e3o como vencidos.<\/p>\n<p>A mudan\u00e7a desses vencimentos, na conta corrente do contribuinte, ocorrer\u00e1 at\u00e9 10 de maio, acertando todos os d\u00e9bitos para a data de vencimento correta, 31\/05\/2021.<\/p>\n<p><strong>As restitui\u00e7\u00f5es come\u00e7am a ser pagas em maio, de acordo com o cronograma abaixo:<\/strong><\/p>\n<ul>\n<li>1\u00ba lote: 31 de maio<\/li>\n<li>2\u00ba lote: 30 de junho<\/li>\n<li>3\u00ba lote: 30 de julho<\/li>\n<li>4\u00ba lote: 31 de agosto<\/li>\n<li>5\u00ba lote: 30 de setembro<\/li>\n<\/ul>\n<p><strong>Declara\u00e7\u00e3o pr\u00e9-preenchida<\/strong><\/p>\n<p>O programa de 2021 tamb\u00e9m amplia o n\u00famero de contribuintes que podem usar a declara\u00e7\u00e3o pr\u00e9-preenchida. A partir deste ano, a modalidade fica dispon\u00edvel para contribuintes que tenham conta gov.br (<a href=\"https:\/\/sso.acesso.gov.br\/login?client_id=contas.acesso.gov.br&amp;authorization_id=1791e39e40c\" target=\"_blank\" rel=\"noopener\">acesso.gov.br<\/a>), al\u00e9m dos que tenham certificado digital.<\/p>\n<p>Fonte: G1<\/p>\n","protected":false},"excerpt":{"rendered":"<p>Quem recebeu rendimentos tribut\u00e1veis acima de R$ 28.559,70 em 2020 tem que declarar, informou Receita Federal A Receita Federal liberou uma nova vers\u00e3o do Programa&#8230;<\/p>\n","protected":false},"author":1182,"featured_media":17824,"comment_status":"closed","ping_status":"closed","sticky":false,"template":"","format":"standard","meta":{"footnotes":""},"categories":[6],"tags":[4658,546,192,203,951,2982,1091,204,852,754,4657,215],"class_list":["post-34884","post","type-post","status-publish","format-standard","has-post-thumbnail","hentry","category-noticias","tag-darf","tag-declaracao","tag-governo","tag-imposto-de-renda","tag-lote","tag-maio","tag-nova","tag-pagamento","tag-prazo","tag-programa","tag-prorrogado","tag-receita-federal"],"_links":{"self":[{"href":"https:\/\/www.sincomam.org.br\/index.php\/wp-json\/wp\/v2\/posts\/34884","targetHints":{"allow":["GET"]}}],"collection":[{"href":"https:\/\/www.sincomam.org.br\/index.php\/wp-json\/wp\/v2\/posts"}],"about":[{"href":"https:\/\/www.sincomam.org.br\/index.php\/wp-json\/wp\/v2\/types\/post"}],"author":[{"embeddable":true,"href":"https:\/\/www.sincomam.org.br\/index.php\/wp-json\/wp\/v2\/users\/1182"}],"replies":[{"embeddable":true,"href":"https:\/\/www.sincomam.org.br\/index.php\/wp-json\/wp\/v2\/comments?post=34884"}],"version-history":[{"count":1,"href":"https:\/\/www.sincomam.org.br\/index.php\/wp-json\/wp\/v2\/posts\/34884\/revisions"}],"predecessor-version":[{"id":34885,"href":"https:\/\/www.sincomam.org.br\/index.php\/wp-json\/wp\/v2\/posts\/34884\/revisions\/34885"}],"wp:featuredmedia":[{"embeddable":true,"href":"https:\/\/www.sincomam.org.br\/index.php\/wp-json\/wp\/v2\/media\/17824"}],"wp:attachment":[{"href":"https:\/\/www.sincomam.org.br\/index.php\/wp-json\/wp\/v2\/media?parent=34884"}],"wp:term":[{"taxonomy":"category","embeddable":true,"href":"https:\/\/www.sincomam.org.br\/index.php\/wp-json\/wp\/v2\/categories?post=34884"},{"taxonomy":"post_tag","embeddable":true,"href":"https:\/\/www.sincomam.org.br\/index.php\/wp-json\/wp\/v2\/tags?post=34884"}],"curies":[{"name":"wp","href":"https:\/\/api.w.org\/{rel}","templated":true}]}}