{"id":34882,"date":"2021-04-29T12:14:07","date_gmt":"2021-04-29T15:14:07","guid":{"rendered":"http:\/\/www.sincomam.org.br\/?p=34882"},"modified":"2021-04-29T12:14:07","modified_gmt":"2021-04-29T15:14:07","slug":"cpi-da-covid-convoca-queiroga-ex-ministros-da-saude-de-bolsonaro-e-chefe-da-anvisa","status":"publish","type":"post","link":"https:\/\/www.sincomam.org.br\/index.php\/cpi-da-covid-convoca-queiroga-ex-ministros-da-saude-de-bolsonaro-e-chefe-da-anvisa\/","title":{"rendered":"CPI da Covid convoca Queiroga, ex-ministros da Sa\u00fade de Bolsonaro e chefe da Anvisa"},"content":{"rendered":"<p><strong><em>Pelo calend\u00e1rio, Mandetta e Teich ser\u00e3o ouvidos na ter\u00e7a (4); Pazuello, na quarta (5); e Queiroga e Barra Torres, na quinta (6<\/em><\/strong>)<\/p>\n<p>A CPI da Covid aprovou nesta quinta-feira (29) a convoca\u00e7\u00e3o do ministro da Sa\u00fade, Marcelo Queiroga, e dos ex-ministros da pasta no governo Jair Bolsonaro: Luiz Henrique Mandetta, Nelson Teich e Eduardo Pazuello.<\/p>\n<p>Durante a sess\u00e3o, os senadores tamb\u00e9m aprovaram a convoca\u00e7\u00e3o do diretor-presidente da Ag\u00eancia Nacional de Vigil\u00e2ncia Sanit\u00e1ria (Anvisa), Ant\u00f4nio Barra Torres.<\/p>\n<p><strong>Pelo calend\u00e1rio definido durante a sess\u00e3o:<\/strong><\/p>\n<ul>\n<li>Mandetta e Teich ser\u00e3o ouvidos pr\u00f3xima ter\u00e7a-feira (4);<\/li>\n<li>Eduardo Pazuello ser\u00e1 ouvido na quarta-feira (5);<\/li>\n<li>Marcelo Queiroga e Barra Torres ser\u00e3o ouvidos na quinta-feira (6).<\/li>\n<\/ul>\n<p>A agenda de convoca\u00e7\u00f5es foi definida pelo relator da CPI, senador Renan Calheiros (MDB-AL). Durante a sess\u00e3o, o relator tamb\u00e9m anunciou o pedido de compartilhamento de informa\u00e7\u00f5es da CPI das Fake News que tratam sobre a pandemia.<\/p>\n<p>O depoimento de Eduardo Pazuello \u00e9 um dos mais aguardados pelos integrantes da CPI. O general do Ex\u00e9rcito comandou o Minist\u00e9rio da Sa\u00fade entre maio de 2020 e mar\u00e7o de 2021.<\/p>\n<p>A gest\u00e3o de Pazuello foi marcada por recordes sucessivos no n\u00famero de mortes por Covid. O ex-ministro dever\u00e1 abordar temas como aquisi\u00e7\u00e3o de vacinas; indica\u00e7\u00e3o de rem\u00e9dios sem efic\u00e1cia comprovada contra a Covid; e o colapso na sa\u00fade de Manaus (AM).<\/p>\n<p>A agenda de convoca\u00e7\u00f5es foi definida pelo relator da CPI, senador Renan Calheiros (MDB-AL). Durante a sess\u00e3o, o relator tamb\u00e9m anunciou uma s\u00e9rie de requerimentos com pedidos de informa\u00e7\u00e3o.<\/p>\n<p><strong>Informa\u00e7\u00f5es<\/strong><\/p>\n<p>O plano de trabalho proposto pelo relator tamb\u00e9m prev\u00ea:<\/p>\n<ul>\n<li>Inteiro teor dos processos administrativos de contrata\u00e7\u00f5es de mais tratativas relacionadas \u00e0 aquisi\u00e7\u00e3o de vacinas e insumos no \u00e2mbito do Minist\u00e9rio da Sa\u00fade;<\/li>\n<li>Toda a regulamenta\u00e7\u00e3o feita pelo governo no \u00e2mbito da lei de enfrentamento \u00e0 emerg\u00eancia de sa\u00fade p\u00fablica, especialmente sobre temas como isolamento, quarentena e prote\u00e7\u00e3o de coletividade;<\/li>\n<li>Registros de a\u00e7\u00e3o e documentos do governo relacionados a medicamentos sem efic\u00e1cia comprovada, inclusive indicados pelo Tratecov, aplicativo feito pelo Minist\u00e9rio da Sa\u00fade;<\/li>\n<li>Todos os documentos e atos normativos requerentes a estrat\u00e9gia de campanhas de comunica\u00e7\u00e3o do governo e do Minist\u00e9rio da Sa\u00fade, al\u00e9m dos gastos associados;<\/li>\n<li>Documentos e informa\u00e7\u00f5es sobre o planejamento e crit\u00e9rios de defini\u00e7\u00e3o dos recursos para o combate \u00e0 Covid e sua distribui\u00e7\u00e3o entre os entes subnacionais;<\/li>\n<li>Todos os contratos, conv\u00eanios e demais ajustes da uni\u00e3o que resultaram em transfer\u00eancia de recursos para estados e capitais, inicialmente;<\/li>\n<li>Encaminhamento pela Secretaria de Sa\u00fade do Amazonas dos pedidos de aux\u00edlio e de envio de suprimentos, em especial oxig\u00eanio, al\u00e9m das respostas do governo federal.<\/li>\n<\/ul>\n<p>Fonte: G1 Pol\u00edtica<\/p>\n<p>Foto: divulga\u00e7\u00e3o<\/p>\n","protected":false},"excerpt":{"rendered":"<p>Pelo calend\u00e1rio, Mandetta e Teich ser\u00e3o ouvidos na ter\u00e7a (4); Pazuello, na quarta (5); e Queiroga e Barra Torres, na quinta (6) A CPI da&#8230;<\/p>\n","protected":false},"author":1182,"featured_media":18116,"comment_status":"closed","ping_status":"closed","sticky":false,"template":"","format":"standard","meta":{"footnotes":""},"categories":[6],"tags":[1705,4654,2751,831,172,4656,4653,3212,4655,2907,4652,746,924],"class_list":["post-34882","post","type-post","status-publish","format-standard","has-post-thumbnail","hentry","category-noticias","tag-anvisa","tag-barra-torres","tag-covid-19","tag-cpi","tag-debate","tag-eduardo-pazuello","tag-ex-ministros","tag-informacao","tag-luiz-henrique-mandetta","tag-nelson-teich","tag-queiroga","tag-registro","tag-senado"],"_links":{"self":[{"href":"https:\/\/www.sincomam.org.br\/index.php\/wp-json\/wp\/v2\/posts\/34882","targetHints":{"allow":["GET"]}}],"collection":[{"href":"https:\/\/www.sincomam.org.br\/index.php\/wp-json\/wp\/v2\/posts"}],"about":[{"href":"https:\/\/www.sincomam.org.br\/index.php\/wp-json\/wp\/v2\/types\/post"}],"author":[{"embeddable":true,"href":"https:\/\/www.sincomam.org.br\/index.php\/wp-json\/wp\/v2\/users\/1182"}],"replies":[{"embeddable":true,"href":"https:\/\/www.sincomam.org.br\/index.php\/wp-json\/wp\/v2\/comments?post=34882"}],"version-history":[{"count":1,"href":"https:\/\/www.sincomam.org.br\/index.php\/wp-json\/wp\/v2\/posts\/34882\/revisions"}],"predecessor-version":[{"id":34883,"href":"https:\/\/www.sincomam.org.br\/index.php\/wp-json\/wp\/v2\/posts\/34882\/revisions\/34883"}],"wp:featuredmedia":[{"embeddable":true,"href":"https:\/\/www.sincomam.org.br\/index.php\/wp-json\/wp\/v2\/media\/18116"}],"wp:attachment":[{"href":"https:\/\/www.sincomam.org.br\/index.php\/wp-json\/wp\/v2\/media?parent=34882"}],"wp:term":[{"taxonomy":"category","embeddable":true,"href":"https:\/\/www.sincomam.org.br\/index.php\/wp-json\/wp\/v2\/categories?post=34882"},{"taxonomy":"post_tag","embeddable":true,"href":"https:\/\/www.sincomam.org.br\/index.php\/wp-json\/wp\/v2\/tags?post=34882"}],"curies":[{"name":"wp","href":"https:\/\/api.w.org\/{rel}","templated":true}]}}