{"id":34870,"date":"2021-04-28T14:26:22","date_gmt":"2021-04-28T17:26:22","guid":{"rendered":"http:\/\/www.sincomam.org.br\/?p=34870"},"modified":"2021-04-28T14:26:22","modified_gmt":"2021-04-28T17:26:22","slug":"governo-diz-que-paga-no-fim-de-maio-primeira-parcela-do-13o-salario-de-aposentados","status":"publish","type":"post","link":"https:\/\/www.sincomam.org.br\/index.php\/governo-diz-que-paga-no-fim-de-maio-primeira-parcela-do-13o-salario-de-aposentados\/","title":{"rendered":"Governo diz que paga no fim de maio primeira parcela do 13\u00ba sal\u00e1rio de aposentados"},"content":{"rendered":"<p><strong><em>Pagamento ser\u00e1 dividido em duas parcelas, sendo a segunda em julho, num total de R$ 56 bilh\u00f5es. Segundo o governo, 31 milh\u00f5es de pessoas t\u00eam direito \u00e0 antecipa\u00e7\u00e3o<\/em><\/strong><\/p>\n<p>O secret\u00e1rio especial de Previd\u00eancia e Trabalho do Minist\u00e9rio da Economia, Bruno Bianco, informou nesta quarta-feira (28) que ser\u00e1 paga no final de maio a primeira de duas parcelas do d\u00e9cimo terceiro sal\u00e1rio a aposentados e pensionistas. A antecipa\u00e7\u00e3o do 13\u00ba sal\u00e1rio de aposentados e pensionistas \u00e9 mais uma das medidas do governo para enfretamento dos reflexos da pandemia do novo coronav\u00edrus na economia.<\/p>\n<p>De acordo com Bianco, ser\u00e3o repassados um total de R$ 56 bilh\u00f5es a 31 milh\u00f5es de pessoas que t\u00eam direito \u00e0 antecipa\u00e7\u00e3o. O governo j\u00e1 havia informado que os valores seriam antecipados, mas aguardava a aprova\u00e7\u00e3o e san\u00e7\u00e3o do Or\u00e7amento.<\/p>\n<p><strong>FGTS<\/strong><\/p>\n<p>Segundo Bianco, a medida que permite que empres\u00e1rios adiem o pagamento do Fundo de Garantia por Tempo de Servi\u00e7o (FGTS) a seus funcion\u00e1rios manter\u00e1 outros R$ 40 bilh\u00f5es na economia neste momento.<\/p>\n<p>Ele disse, ainda, que o Pronampe, programa de cr\u00e9dito para micro e pequenas empresas, contar\u00e1 com R$ 5 a R$ 6 bilh\u00f5es. <em>&#8220;S\u00e3o medidas muito significativas que continuar\u00e3o ajudando essa retomada econ\u00f4mica&#8221;, declarou.<\/em><\/p>\n<p>O secret\u00e1rio tamb\u00e9m informou que, dos R$ 10 bilh\u00f5es previstos para o programa de manuten\u00e7\u00e3o do emprego neste ano, que foi renovado nesta semana pela \u00e1rea econ\u00f4mica, R$ 7 bilh\u00f5es vir\u00e3o do cancelamento de restos a pagar do ano passado. Ou seja, somente R$ 3 bilh\u00f5es representar\u00e3o novos gastos, n\u00e3o previstos.<\/p>\n<p>Apesar da renova\u00e7\u00e3o dos programas extraordin\u00e1rios para a pandemia em 2021, o governo federal reduziu de R$ 524 bilh\u00f5es para R$ 103 bilh\u00f5es a previs\u00e3o de gastos &#8211; apesar do avan\u00e7o da Covid-19 no pa\u00eds. Os n\u00fameros s\u00e3o do Tesouro Nacional.<\/p>\n<p>Fonte: G1<\/p>\n","protected":false},"excerpt":{"rendered":"<p>Pagamento ser\u00e1 dividido em duas parcelas, sendo a segunda em julho, num total de R$ 56 bilh\u00f5es. Segundo o governo, 31 milh\u00f5es de pessoas t\u00eam&#8230;<\/p>\n","protected":false},"author":1182,"featured_media":20357,"comment_status":"closed","ping_status":"closed","sticky":false,"template":"","format":"standard","meta":{"footnotes":""},"categories":[6],"tags":[3030,420,61,2751,192,618,204,2755,1510,1469],"class_list":["post-34870","post","type-post","status-publish","format-standard","has-post-thumbnail","hentry","category-noticias","tag-13o-salario","tag-aposentados","tag-brasil","tag-covid-19","tag-governo","tag-liberado","tag-pagamento","tag-pandemia","tag-parcela","tag-primeira"],"_links":{"self":[{"href":"https:\/\/www.sincomam.org.br\/index.php\/wp-json\/wp\/v2\/posts\/34870","targetHints":{"allow":["GET"]}}],"collection":[{"href":"https:\/\/www.sincomam.org.br\/index.php\/wp-json\/wp\/v2\/posts"}],"about":[{"href":"https:\/\/www.sincomam.org.br\/index.php\/wp-json\/wp\/v2\/types\/post"}],"author":[{"embeddable":true,"href":"https:\/\/www.sincomam.org.br\/index.php\/wp-json\/wp\/v2\/users\/1182"}],"replies":[{"embeddable":true,"href":"https:\/\/www.sincomam.org.br\/index.php\/wp-json\/wp\/v2\/comments?post=34870"}],"version-history":[{"count":1,"href":"https:\/\/www.sincomam.org.br\/index.php\/wp-json\/wp\/v2\/posts\/34870\/revisions"}],"predecessor-version":[{"id":34871,"href":"https:\/\/www.sincomam.org.br\/index.php\/wp-json\/wp\/v2\/posts\/34870\/revisions\/34871"}],"wp:featuredmedia":[{"embeddable":true,"href":"https:\/\/www.sincomam.org.br\/index.php\/wp-json\/wp\/v2\/media\/20357"}],"wp:attachment":[{"href":"https:\/\/www.sincomam.org.br\/index.php\/wp-json\/wp\/v2\/media?parent=34870"}],"wp:term":[{"taxonomy":"category","embeddable":true,"href":"https:\/\/www.sincomam.org.br\/index.php\/wp-json\/wp\/v2\/categories?post=34870"},{"taxonomy":"post_tag","embeddable":true,"href":"https:\/\/www.sincomam.org.br\/index.php\/wp-json\/wp\/v2\/tags?post=34870"}],"curies":[{"name":"wp","href":"https:\/\/api.w.org\/{rel}","templated":true}]}}