{"id":34859,"date":"2021-04-28T12:17:20","date_gmt":"2021-04-28T15:17:20","guid":{"rendered":"http:\/\/www.sincomam.org.br\/?p=34859"},"modified":"2021-04-28T14:14:21","modified_gmt":"2021-04-28T17:14:21","slug":"pais-abre-184-140-vagas-de-emprego-com-carteira-assinada-em-marco","status":"publish","type":"post","link":"https:\/\/www.sincomam.org.br\/index.php\/pais-abre-184-140-vagas-de-emprego-com-carteira-assinada-em-marco\/","title":{"rendered":"Caged: Pa\u00eds abre 184.140 vagas de emprego com carteira assinada em mar\u00e7o"},"content":{"rendered":"<p><strong><em>Governo divulgou hoje dados do Caged, que traz o saldo de empregos com carteira assinada no pa\u00eds<\/em><\/strong><\/p>\n<p>O Brasil abriu 184.140 vagas de emprego com carteira assinada em mar\u00e7o, apontam dados do Caged (Cadastro Geral de Empregados e Desempregados) divulgados hoje pelo Minist\u00e9rio da Economia. Os n\u00fameros s\u00e3o resultado de 1.608.007 admiss\u00f5es e de 1.423.867 demiss\u00f5es.<\/p>\n<p>O total de empregos com carteira no pa\u00eds somou 40.200.042 em mar\u00e7o, o que representa uma varia\u00e7\u00e3o de 0,46% em rela\u00e7\u00e3o ao m\u00eas anterior. Em fevereiro, foram abertas 395.166 vagas, segundo dados revisados.<\/p>\n<p>No acumulado do ano, foi registrado saldo de 837.074 empregos, decorrente de 4.940.568 contrata\u00e7\u00f5es e de 4.103.494 demiss\u00f5es (com ajustes at\u00e9 mar\u00e7o de 2021).<\/p>\n<p>No ano passado, o governo ofereceu complementa\u00e7\u00e3o de renda a trabalhadores que tiveram seus contratos de trabalhos temporariamente suspensos ou sofreram redu\u00e7\u00e3o de jornada e sal\u00e1rios durante a pandemia do novo coronav\u00edrus. Os trabalhadores do programa ganharam estabilidade por per\u00edodo igual ao da suspens\u00e3o do contrato ou da redu\u00e7\u00e3o do sal\u00e1rio.<\/p>\n<p><strong>Os 5 setores tiveram saldo positivo <\/strong><\/p>\n<p>Os dados do Caged de mar\u00e7o apontam saldo positivo no n\u00edvel de emprego nos cinco grupos de atividade econ\u00f4mica.<\/p>\n<ul>\n<li>Servi\u00e7os: (+95.553 postos)<\/li>\n<li>Ind\u00fastria: (+42.150 postos)<\/li>\n<li>Constru\u00e7\u00e3o: (+25.020 postos)<\/li>\n<li>Com\u00e9rcio; repara\u00e7\u00e3o de ve\u00edculos automotores e motocicletas (+17.986 postos)<\/li>\n<li>Agricultura, pecu\u00e1ria, produ\u00e7\u00e3o florestal, pesca e aquicultura: (+3.535 postos)<\/li>\n<\/ul>\n<p><strong>Regi\u00f5es<\/strong><\/p>\n<p>Ainda de acordo com os dados, houve saldo positivo na gera\u00e7\u00e3o de empregos formais nas cinco regi\u00f5es brasileiras:<\/p>\n<ul>\n<li>Sudeste (+103.935 postos, +0,5%)<\/li>\n<li>Sul (+49.998 postos, +0,66%)<\/li>\n<li>Centro-Oeste (+16.559 postos, +0.49%)<\/li>\n<li>Norte (+8.944 postos, +0,48%)<\/li>\n<li>Nordeste (+4.790 postos, +0,07%)<\/li>\n<\/ul>\n<p><strong>Aumento de 3,5% nos sal\u00e1rios de admiss\u00e3o <\/strong><\/p>\n<p>O Caged ainda trouxe outros detalhes como: o sal\u00e1rio m\u00e9dio de admiss\u00e3o em mar\u00e7o foi de R$ 1.802,65 &#8211;comparado ao m\u00eas anterior, houve aumento real de R$ 60,76, o que representa uma varia\u00e7\u00e3o de 3,49% em mar\u00e7o, houve 18.423 admiss\u00f5es e 12.897 desligamentos na modalidade de trabalho intermitente, gerando saldo positivo de 5.526 empregos.<\/p>\n<p>Fonte: UOL\/Economia<\/p>\n<p>Foto: divulga\u00e7\u00e3o<\/p>\n","protected":false},"excerpt":{"rendered":"<p>Governo divulgou hoje dados do Caged, que traz o saldo de empregos com carteira assinada no pa\u00eds O Brasil abriu 184.140 vagas de emprego com&#8230;<\/p>\n","protected":false},"author":1182,"featured_media":31649,"comment_status":"closed","ping_status":"closed","sticky":false,"template":"","format":"standard","meta":{"footnotes":""},"categories":[6],"tags":[3536,61,3535,2751,544,192,2755,538],"class_list":["post-34859","post","type-post","status-publish","format-standard","has-post-thumbnail","hentry","category-noticias","tag-assinada","tag-brasil","tag-carteira","tag-covid-19","tag-emprego","tag-governo","tag-pandemia","tag-vagas"],"_links":{"self":[{"href":"https:\/\/www.sincomam.org.br\/index.php\/wp-json\/wp\/v2\/posts\/34859","targetHints":{"allow":["GET"]}}],"collection":[{"href":"https:\/\/www.sincomam.org.br\/index.php\/wp-json\/wp\/v2\/posts"}],"about":[{"href":"https:\/\/www.sincomam.org.br\/index.php\/wp-json\/wp\/v2\/types\/post"}],"author":[{"embeddable":true,"href":"https:\/\/www.sincomam.org.br\/index.php\/wp-json\/wp\/v2\/users\/1182"}],"replies":[{"embeddable":true,"href":"https:\/\/www.sincomam.org.br\/index.php\/wp-json\/wp\/v2\/comments?post=34859"}],"version-history":[{"count":4,"href":"https:\/\/www.sincomam.org.br\/index.php\/wp-json\/wp\/v2\/posts\/34859\/revisions"}],"predecessor-version":[{"id":34867,"href":"https:\/\/www.sincomam.org.br\/index.php\/wp-json\/wp\/v2\/posts\/34859\/revisions\/34867"}],"wp:featuredmedia":[{"embeddable":true,"href":"https:\/\/www.sincomam.org.br\/index.php\/wp-json\/wp\/v2\/media\/31649"}],"wp:attachment":[{"href":"https:\/\/www.sincomam.org.br\/index.php\/wp-json\/wp\/v2\/media?parent=34859"}],"wp:term":[{"taxonomy":"category","embeddable":true,"href":"https:\/\/www.sincomam.org.br\/index.php\/wp-json\/wp\/v2\/categories?post=34859"},{"taxonomy":"post_tag","embeddable":true,"href":"https:\/\/www.sincomam.org.br\/index.php\/wp-json\/wp\/v2\/tags?post=34859"}],"curies":[{"name":"wp","href":"https:\/\/api.w.org\/{rel}","templated":true}]}}