{"id":34847,"date":"2021-04-27T12:51:13","date_gmt":"2021-04-27T15:51:13","guid":{"rendered":"http:\/\/www.sincomam.org.br\/?p=34847"},"modified":"2021-04-27T12:51:13","modified_gmt":"2021-04-27T15:51:13","slug":"marinha-apoia-policia-federal-em-operacao-no-porto-do-rio-de-janeiro","status":"publish","type":"post","link":"https:\/\/www.sincomam.org.br\/index.php\/marinha-apoia-policia-federal-em-operacao-no-porto-do-rio-de-janeiro\/","title":{"rendered":"Marinha apoia Pol\u00edcia Federal em opera\u00e7\u00e3o no Porto do Rio de Janeiro"},"content":{"rendered":"<p><strong><em>Mergulhadores da Marinha participaram da opera\u00e7\u00e3o<\/em><\/strong><\/p>\n<p>Em apoio \u00e0 Delegacia de Repress\u00e3o a Drogas e do Grupo de Pronta Interven\u00e7\u00e3o da Pol\u00edcia Federal (PF), a Marinha do Brasil informou que participou de uma opera\u00e7\u00e3o, no \u00faltimo s\u00e1bado (24), que apreendeu 30 quilos de drogas em navios atracados no Porto do Rio de Janeiro.<\/p>\n<p>De acordo com a Marinha, a opera\u00e7\u00e3o empregou cerca de 50 militares do Comando em Chefe da Esquadra e do Comando do 1\u00ba Distrito Naval, com participa\u00e7\u00e3o do Comando do Grupamento de Patrulha Naval do Sudeste, por interm\u00e9dio do Navio-Patrulha \u201cGurup\u00e1\u201d e equipe de mergulhadores, e de embarca\u00e7\u00f5es da Capitania dos Portos do Rio de Janeiro. Segundo a PF, o material teria como destino a Europa.<\/p>\n<p>*Com informa\u00e7\u00f5es da MB<\/p>\n<p>Foto: divulga\u00e7\u00e3o Marinha<\/p>\n","protected":false},"excerpt":{"rendered":"<p>Mergulhadores da Marinha participaram da opera\u00e7\u00e3o Em apoio \u00e0 Delegacia de Repress\u00e3o a Drogas e do Grupo de Pronta Interven\u00e7\u00e3o da Pol\u00edcia Federal (PF), a&#8230;<\/p>\n","protected":false},"author":1182,"featured_media":34848,"comment_status":"closed","ping_status":"closed","sticky":false,"template":"","format":"standard","meta":{"footnotes":""},"categories":[6],"tags":[4647,1013,117,377,415,80,59],"class_list":["post-34847","post","type-post","status-publish","format-standard","has-post-thumbnail","hentry","category-noticias","tag-atracados","tag-marinha-do-brasil","tag-navios","tag-operacao","tag-policia-federal","tag-porto","tag-rio-de-janeiro"],"_links":{"self":[{"href":"https:\/\/www.sincomam.org.br\/index.php\/wp-json\/wp\/v2\/posts\/34847","targetHints":{"allow":["GET"]}}],"collection":[{"href":"https:\/\/www.sincomam.org.br\/index.php\/wp-json\/wp\/v2\/posts"}],"about":[{"href":"https:\/\/www.sincomam.org.br\/index.php\/wp-json\/wp\/v2\/types\/post"}],"author":[{"embeddable":true,"href":"https:\/\/www.sincomam.org.br\/index.php\/wp-json\/wp\/v2\/users\/1182"}],"replies":[{"embeddable":true,"href":"https:\/\/www.sincomam.org.br\/index.php\/wp-json\/wp\/v2\/comments?post=34847"}],"version-history":[{"count":1,"href":"https:\/\/www.sincomam.org.br\/index.php\/wp-json\/wp\/v2\/posts\/34847\/revisions"}],"predecessor-version":[{"id":34849,"href":"https:\/\/www.sincomam.org.br\/index.php\/wp-json\/wp\/v2\/posts\/34847\/revisions\/34849"}],"wp:featuredmedia":[{"embeddable":true,"href":"https:\/\/www.sincomam.org.br\/index.php\/wp-json\/wp\/v2\/media\/34848"}],"wp:attachment":[{"href":"https:\/\/www.sincomam.org.br\/index.php\/wp-json\/wp\/v2\/media?parent=34847"}],"wp:term":[{"taxonomy":"category","embeddable":true,"href":"https:\/\/www.sincomam.org.br\/index.php\/wp-json\/wp\/v2\/categories?post=34847"},{"taxonomy":"post_tag","embeddable":true,"href":"https:\/\/www.sincomam.org.br\/index.php\/wp-json\/wp\/v2\/tags?post=34847"}],"curies":[{"name":"wp","href":"https:\/\/api.w.org\/{rel}","templated":true}]}}