{"id":34807,"date":"2021-04-26T15:28:52","date_gmt":"2021-04-26T18:28:52","guid":{"rendered":"http:\/\/www.sincomam.org.br\/?p=34807"},"modified":"2021-04-26T15:28:52","modified_gmt":"2021-04-26T18:28:52","slug":"covid-19-ja-matou-mais-brasileiros-em-4-meses-de-2021-do-que-em-todo-ano-de-2020","status":"publish","type":"post","link":"https:\/\/www.sincomam.org.br\/index.php\/covid-19-ja-matou-mais-brasileiros-em-4-meses-de-2021-do-que-em-todo-ano-de-2020\/","title":{"rendered":"Covid-19 j\u00e1 matou mais brasileiros em 4 meses de 2021 do que em todo ano de 2020"},"content":{"rendered":"<p><strong><em>Em 113 dias deste ano foram registrados 195.949 mortes por Covid-19, contra 194.976 em 289 dias da pandemia em 2020. Pa\u00eds contabiliza 14.339.412 casos e 390.925 \u00f3bitos, segundo balan\u00e7o do cons\u00f3rcio de ve\u00edculos de imprensa<\/em><\/strong><\/p>\n<p>O Brasil registrou, at\u00e9 este domingo (25), 390.925 mortes pela Covid-19 desde o in\u00edcio da pandemia. Foram 1.316 \u00f3bitos nas \u00faltimas 24 horas, segundo o balan\u00e7o das 20h do cons\u00f3rcio dos ve\u00edculos de imprensa. Com isso, o pa\u00eds ultrapassou o n\u00famero de mortes registradas durante todo o ano de 2020, em metade do tempo.<\/p>\n<p>Em 113 dias de 2021 foram contabilizadas 195.949 mortes pelo coronav\u00edrus, enquanto de 17 de mar\u00e7o de 2020, quando foi confirmada a 1\u00aa morte pela doen\u00e7a em S\u00e3o Paulo, at\u00e9 31 de dezembro foram registrados 194.976 \u00f3bitos. Foram 289 dias para alcan\u00e7ar a marca.<\/p>\n<p>Ontem, o m\u00eas de abril se tornou o mais letal da pandemia da Covid-19 no Brasil, com 67.723 mortes confirmadas, ultrapassando as 66.868 em todo o m\u00eas passado.<\/p>\n<p>A m\u00e9dia m\u00f3vel de mortes no Brasil nos \u00faltimos 7 dias chegou a 2.498. Em compara\u00e7\u00e3o \u00e0 m\u00e9dia de 14 dias atr\u00e1s, a varia\u00e7\u00e3o foi de -20%, indicando tend\u00eancia de queda nos \u00f3bitos decorrentes da doen\u00e7a. Foi a maior queda desde 11 de novembro, quando a m\u00e9dia m\u00f3vel de mortes apresentou queda de -27%.<\/p>\n<p>J\u00e1 s\u00e3o 95 dias seguidos no Brasil com a m\u00e9dia m\u00f3vel de mortes acima da marca de mil; o pa\u00eds completa agora 40 dias com essa m\u00e9dia acima dos 2 mil mortos por dia.<\/p>\n<p>Em casos confirmados, desde o come\u00e7o da pandemia 14.339.412 brasileiros j\u00e1 tiveram ou t\u00eam o novo coronav\u00edrus, com 32.000 desses confirmados no \u00faltimo dia. A m\u00e9dia m\u00f3vel nos \u00faltimos 7 dias foi de 56.783 novos diagn\u00f3sticos por dia. Isso representa uma varia\u00e7\u00e3o de -20% em rela\u00e7\u00e3o aos casos registrados em duas semanas, o que indica tend\u00eancia de queda nos diagn\u00f3sticos.<\/p>\n<p><strong>Vacina\u00e7\u00e3o<\/strong><\/p>\n<p>Balan\u00e7o da vacina\u00e7\u00e3o contra Covid-19 deste domingo (25) aponta que 29.031.874 pessoas j\u00e1 receberam a primeira dose de vacina contra a Covid-19, segundo dados divulgados at\u00e9 as 20h. O n\u00famero representa 13,71% da popula\u00e7\u00e3o brasileira.<\/p>\n<p>A segunda dose j\u00e1 foi aplicada em 12.579.100 pessoas (5,94% da popula\u00e7\u00e3o do pa\u00eds) em todos os estados e no Distrito Federal.<\/p>\n<p>No total, 41.610.974 doses foram aplicadas em todo o pa\u00eds.<\/p>\n<p>Fonte: G1<\/p>\n<p>Foto: divulga\u00e7\u00e3o fotos P\u00fablicas<\/p>\n","protected":false},"excerpt":{"rendered":"<p>Em 113 dias deste ano foram registrados 195.949 mortes por Covid-19, contra 194.976 em 289 dias da pandemia em 2020. Pa\u00eds contabiliza 14.339.412 casos e&#8230;<\/p>\n","protected":false},"author":1182,"featured_media":28525,"comment_status":"closed","ping_status":"closed","sticky":false,"template":"","format":"standard","meta":{"footnotes":""},"categories":[6],"tags":[61,2752,2751,2831,1460,1756,2755,674],"class_list":["post-34807","post","type-post","status-publish","format-standard","has-post-thumbnail","hentry","category-noticias","tag-brasil","tag-coronavirus","tag-covid-19","tag-dados","tag-infectados","tag-morte","tag-pandemia","tag-vacina"],"_links":{"self":[{"href":"https:\/\/www.sincomam.org.br\/index.php\/wp-json\/wp\/v2\/posts\/34807","targetHints":{"allow":["GET"]}}],"collection":[{"href":"https:\/\/www.sincomam.org.br\/index.php\/wp-json\/wp\/v2\/posts"}],"about":[{"href":"https:\/\/www.sincomam.org.br\/index.php\/wp-json\/wp\/v2\/types\/post"}],"author":[{"embeddable":true,"href":"https:\/\/www.sincomam.org.br\/index.php\/wp-json\/wp\/v2\/users\/1182"}],"replies":[{"embeddable":true,"href":"https:\/\/www.sincomam.org.br\/index.php\/wp-json\/wp\/v2\/comments?post=34807"}],"version-history":[{"count":1,"href":"https:\/\/www.sincomam.org.br\/index.php\/wp-json\/wp\/v2\/posts\/34807\/revisions"}],"predecessor-version":[{"id":34808,"href":"https:\/\/www.sincomam.org.br\/index.php\/wp-json\/wp\/v2\/posts\/34807\/revisions\/34808"}],"wp:featuredmedia":[{"embeddable":true,"href":"https:\/\/www.sincomam.org.br\/index.php\/wp-json\/wp\/v2\/media\/28525"}],"wp:attachment":[{"href":"https:\/\/www.sincomam.org.br\/index.php\/wp-json\/wp\/v2\/media?parent=34807"}],"wp:term":[{"taxonomy":"category","embeddable":true,"href":"https:\/\/www.sincomam.org.br\/index.php\/wp-json\/wp\/v2\/categories?post=34807"},{"taxonomy":"post_tag","embeddable":true,"href":"https:\/\/www.sincomam.org.br\/index.php\/wp-json\/wp\/v2\/tags?post=34807"}],"curies":[{"name":"wp","href":"https:\/\/api.w.org\/{rel}","templated":true}]}}