{"id":34802,"date":"2021-04-26T15:06:53","date_gmt":"2021-04-26T18:06:53","guid":{"rendered":"http:\/\/www.sincomam.org.br\/?p=34802"},"modified":"2021-04-26T15:06:53","modified_gmt":"2021-04-26T18:06:53","slug":"manobras-de-navios-sao-normalizadas-apos-portos-de-itajai-e-navegantes-ficarem-3-dias-fechados-por-tempestade-subtropical","status":"publish","type":"post","link":"https:\/\/www.sincomam.org.br\/index.php\/manobras-de-navios-sao-normalizadas-apos-portos-de-itajai-e-navegantes-ficarem-3-dias-fechados-por-tempestade-subtropical\/","title":{"rendered":"Manobras de navios s\u00e3o normalizadas ap\u00f3s portos de Itaja\u00ed e Navegantes ficarem 3 dias fechados por tempestade subtropical"},"content":{"rendered":"<p><strong><em>Entre s\u00e1bado e este domingo foram realizadas 10 manobras e opera\u00e7\u00f5es est\u00e3o normalizadas. Ondas provocadas por tempestade tamb\u00e9m cobriram avenida em Balne\u00e1rio Cambori\u00fa<\/em><\/strong><\/p>\n<p>As manobras de navios nos portos de Itaja\u00ed e Navegantes foram normalizadas ap\u00f3s os locais ficarem tr\u00eas dias fechados por causa da tempestade subtropical Potira, com ondas que tinham at\u00e9 3 metros na costa catarinense. Entre o s\u00e1bado (24), quando os portos foram reabertos, e este domingo (25) houve 10 movimenta\u00e7\u00f5es de embarca\u00e7\u00f5es no complexo portu\u00e1rio.<\/p>\n<p>O valor estimado de preju\u00edzos por causa dos tr\u00eas dias de atraso no atracamento dos navios n\u00e3o foi divulgado. Das embarca\u00e7\u00f5es previstas para atracar no per\u00edodo em que os portos estiveram fechados, apenas uma escala foi cancelada, sendo que o navio deve retornar ainda no fim deste m\u00eas.<\/p>\n<p>As demais escalas foram mantidas e os navios ficaram esperando em alto mar at\u00e9 que o canal de acesso aos portos fosse aberto, o que ocorreu no s\u00e1bado (24). No in\u00edcio da tarde deste domingo (25) a dire\u00e7\u00e3o de opera\u00e7\u00f5es log\u00edstica do porto de Itaja\u00ed informou que as opera\u00e7\u00f5es j\u00e1 estavam normalizadas.<\/p>\n<p>As manobras dos navios cargueiros nos portos de Itaja\u00ed e Navegantes foram retomadas na manh\u00e3 de s\u00e1bado ap\u00f3s a reabertura da barra com autoriza\u00e7\u00e3o da Delegacia da Capitania dos Portos. O acesso aos terminais estava fechado desde a \u00faltima quarta-feira (21).<\/p>\n<p>A reabertura ocorreu ap\u00f3s avalia\u00e7\u00e3o e a Marinha considerar que altura das ondas era segura para manobras. O Complexo Portu\u00e1rio do Rio Itaja\u00ed-A\u00e7u \u00e9 um dos maiores em movimenta\u00e7\u00e3o de cont\u00eaineres do pa\u00eds.<\/p>\n<p>A ressaca provocada pela tempestade Potira chegou a cobrir a Avenida Atl\u00e2ntica, umas das principais de Balne\u00e1rio Cambori\u00fa. Segundo a prefeitura, n\u00e3o houve preju\u00edzos, mas equipes foram mobilizadas para limpeza do local neste fim de semana.<\/p>\n<p><strong>Tempestade<\/strong><\/p>\n<p>O fen\u00f4meno que ocorreu no litoral catarinense foi batizado como &#8220;Potira&#8221; pela Marinha do Brasil. Segundo o meteorologista Leandro Puchalski, essa tempestade subtropical ocorre quando um ciclone tropical ou subtropical alcan\u00e7a a classifica\u00e7\u00e3o de uma tempestade. Ela perdeu for\u00e7a neste fim de semana.<\/p>\n<p>Fonte: G1 Santa Catarina<\/p>\n","protected":false},"excerpt":{"rendered":"<p>Entre s\u00e1bado e este domingo foram realizadas 10 manobras e opera\u00e7\u00f5es est\u00e3o normalizadas. Ondas provocadas por tempestade tamb\u00e9m cobriram avenida em Balne\u00e1rio Cambori\u00fa As manobras&#8230;<\/p>\n","protected":false},"author":1182,"featured_media":6990,"comment_status":"closed","ping_status":"closed","sticky":false,"template":"","format":"standard","meta":{"footnotes":""},"categories":[6],"tags":[602,1078,4641,117,4638,2072,4642,4644,4643,3358],"class_list":["post-34802","post","type-post","status-publish","format-standard","has-post-thumbnail","hentry","category-noticias","tag-abertura","tag-fechamento","tag-manobras","tag-navios","tag-ondas","tag-porto-de-itajai","tag-porto-navegantes","tag-ressaca","tag-subtropical","tag-tempestade"],"_links":{"self":[{"href":"https:\/\/www.sincomam.org.br\/index.php\/wp-json\/wp\/v2\/posts\/34802","targetHints":{"allow":["GET"]}}],"collection":[{"href":"https:\/\/www.sincomam.org.br\/index.php\/wp-json\/wp\/v2\/posts"}],"about":[{"href":"https:\/\/www.sincomam.org.br\/index.php\/wp-json\/wp\/v2\/types\/post"}],"author":[{"embeddable":true,"href":"https:\/\/www.sincomam.org.br\/index.php\/wp-json\/wp\/v2\/users\/1182"}],"replies":[{"embeddable":true,"href":"https:\/\/www.sincomam.org.br\/index.php\/wp-json\/wp\/v2\/comments?post=34802"}],"version-history":[{"count":1,"href":"https:\/\/www.sincomam.org.br\/index.php\/wp-json\/wp\/v2\/posts\/34802\/revisions"}],"predecessor-version":[{"id":34803,"href":"https:\/\/www.sincomam.org.br\/index.php\/wp-json\/wp\/v2\/posts\/34802\/revisions\/34803"}],"wp:featuredmedia":[{"embeddable":true,"href":"https:\/\/www.sincomam.org.br\/index.php\/wp-json\/wp\/v2\/media\/6990"}],"wp:attachment":[{"href":"https:\/\/www.sincomam.org.br\/index.php\/wp-json\/wp\/v2\/media?parent=34802"}],"wp:term":[{"taxonomy":"category","embeddable":true,"href":"https:\/\/www.sincomam.org.br\/index.php\/wp-json\/wp\/v2\/categories?post=34802"},{"taxonomy":"post_tag","embeddable":true,"href":"https:\/\/www.sincomam.org.br\/index.php\/wp-json\/wp\/v2\/tags?post=34802"}],"curies":[{"name":"wp","href":"https:\/\/api.w.org\/{rel}","templated":true}]}}