{"id":34800,"date":"2021-04-26T14:58:19","date_gmt":"2021-04-26T17:58:19","guid":{"rendered":"http:\/\/www.sincomam.org.br\/?p=34800"},"modified":"2021-04-26T14:58:19","modified_gmt":"2021-04-26T17:58:19","slug":"funcionarios-da-caixa-devem-entrar-em-greve-nesta-terca-feira","status":"publish","type":"post","link":"https:\/\/www.sincomam.org.br\/index.php\/funcionarios-da-caixa-devem-entrar-em-greve-nesta-terca-feira\/","title":{"rendered":"Funcion\u00e1rios da Caixa devem entrar em greve nesta ter\u00e7a-feira"},"content":{"rendered":"<p><strong><em>Servidores devem paralisar servi\u00e7os por 24 horas em protesto a abertura de capital da Caixa Seguridade<\/em><\/strong><\/p>\n<p>Funcion\u00e1rios da Caixa Econ\u00f4mica Federal anunciaram que ir\u00e3o entrar em greve nesta ter\u00e7a-feira (27) em protesto a abertura de capital da Caixa Seguridade. De acordo com o sindicato, a paralisa\u00e7\u00e3o deve durar 24 horas.<\/p>\n<p>Os servidores querem evitar o in\u00edcio da venda de a\u00e7\u00f5es da estatal na Bolsa de Valores prevista para come\u00e7ar nesta quinta-feira (29). Na vis\u00e3o de sindicatos e funcion\u00e1rios, a abertura das opera\u00e7\u00f5es nas B3 \u00e9 um ind\u00edcio de tentar privatizar o banco.<\/p>\n<p>A tentativa do governo federal \u00e9 repassar a\u00e7\u00f5es da Caixa Seguridade e abrir um novo CNPJ com a iniciativa privada para realizar os pagamentos de programas sociais, como o Bolsa Fam\u00edlia e Casa Verde e Amarela \u2013 substituto do Minha Casa Minha Vida.<\/p>\n<p>Trabalhadores ainda questionam os pagamentos integrais da Participa\u00e7\u00e3o de Lucros e Resultados (PLR) e pedem prote\u00e7\u00e3o contra \u00e0 Covid-19 em ag\u00eancias, al\u00e9m da chamada de aprovados em concurso realizado em 2014.<\/p>\n<p>O iG entrou em contato com a Caixa Econ\u00f4mica Federal questionando os pedidos dos trabalhadores e o que ser\u00e1 feito durante a paralisa\u00e7\u00e3o dos funcion\u00e1rios, mas at\u00e9 o momento n\u00e3o obteve retorno.<\/p>\n<p>Fonte: IG<\/p>\n","protected":false},"excerpt":{"rendered":"<p>Servidores devem paralisar servi\u00e7os por 24 horas em protesto a abertura de capital da Caixa Seguridade Funcion\u00e1rios da Caixa Econ\u00f4mica Federal anunciaram que ir\u00e3o entrar&#8230;<\/p>\n","protected":false},"author":1182,"featured_media":31515,"comment_status":"closed","ping_status":"closed","sticky":false,"template":"","format":"standard","meta":{"footnotes":""},"categories":[6],"tags":[390,2751,4337,244,1239],"class_list":["post-34800","post","type-post","status-publish","format-standard","has-post-thumbnail","hentry","category-noticias","tag-caixa","tag-covid-19","tag-funcionario","tag-greve","tag-paralisacao"],"_links":{"self":[{"href":"https:\/\/www.sincomam.org.br\/index.php\/wp-json\/wp\/v2\/posts\/34800","targetHints":{"allow":["GET"]}}],"collection":[{"href":"https:\/\/www.sincomam.org.br\/index.php\/wp-json\/wp\/v2\/posts"}],"about":[{"href":"https:\/\/www.sincomam.org.br\/index.php\/wp-json\/wp\/v2\/types\/post"}],"author":[{"embeddable":true,"href":"https:\/\/www.sincomam.org.br\/index.php\/wp-json\/wp\/v2\/users\/1182"}],"replies":[{"embeddable":true,"href":"https:\/\/www.sincomam.org.br\/index.php\/wp-json\/wp\/v2\/comments?post=34800"}],"version-history":[{"count":1,"href":"https:\/\/www.sincomam.org.br\/index.php\/wp-json\/wp\/v2\/posts\/34800\/revisions"}],"predecessor-version":[{"id":34801,"href":"https:\/\/www.sincomam.org.br\/index.php\/wp-json\/wp\/v2\/posts\/34800\/revisions\/34801"}],"wp:featuredmedia":[{"embeddable":true,"href":"https:\/\/www.sincomam.org.br\/index.php\/wp-json\/wp\/v2\/media\/31515"}],"wp:attachment":[{"href":"https:\/\/www.sincomam.org.br\/index.php\/wp-json\/wp\/v2\/media?parent=34800"}],"wp:term":[{"taxonomy":"category","embeddable":true,"href":"https:\/\/www.sincomam.org.br\/index.php\/wp-json\/wp\/v2\/categories?post=34800"},{"taxonomy":"post_tag","embeddable":true,"href":"https:\/\/www.sincomam.org.br\/index.php\/wp-json\/wp\/v2\/tags?post=34800"}],"curies":[{"name":"wp","href":"https:\/\/api.w.org\/{rel}","templated":true}]}}