{"id":34793,"date":"2021-04-26T14:30:43","date_gmt":"2021-04-26T17:30:43","guid":{"rendered":"http:\/\/www.sincomam.org.br\/?p=34793"},"modified":"2021-04-26T14:30:43","modified_gmt":"2021-04-26T17:30:43","slug":"marinha-inaugura-o-primeiro-posto-de-vacinacao-no-rio-de-janeiro","status":"publish","type":"post","link":"https:\/\/www.sincomam.org.br\/index.php\/marinha-inaugura-o-primeiro-posto-de-vacinacao-no-rio-de-janeiro\/","title":{"rendered":"Marinha inaugura o primeiro posto de vacina\u00e7\u00e3o no Rio de Janeiro"},"content":{"rendered":"<p><strong><em>For\u00e7as Armadas apoiam o Plano Nacional de Imuniza\u00e7\u00e3o em combate \u00e0 pandemia da Covid-19<\/em><\/strong><\/p>\n<p>A Marinha do Brasil, com a coordena\u00e7\u00e3o do Comando do 1\u00ba Distrito Naval (Com1\u00baDN), informa que inaugurou na \u00faltima sexta-feira (23), seu primeiro posto de vacina\u00e7\u00e3o contra a Covid-19. O posto est\u00e1 localizado no Espa\u00e7o Cultural da Marinha (ECM), na regi\u00e3o da Pra\u00e7a XV, centro do Rio de Janeiro (RJ), com funcionamento de segunda a s\u00e1bado, das 8h \u00e0s 17h.<\/p>\n<p>De acordo com as informa\u00e7\u00f5es divulgadas pela Marinha, para receber a vacina a popula\u00e7\u00e3o dever\u00e1 acompanhar o calend\u00e1rio oficial de vacina\u00e7\u00e3o estabelecido pela Prefeitura Municipal do Rio.<\/p>\n<p><em>\u201cA abertura do posto de vacina\u00e7\u00e3o refor\u00e7a o v\u00ednculo com as a\u00e7\u00f5es do Minist\u00e9rio da Sa\u00fade no combate \u00e0 pandemia do novo coronav\u00edrus e conta com o emprego de 80 militares da Marinha, sendo que 63 deles atuam diretamente no ECM, al\u00e9m de duas viaturas administrativas\u201d, disse a Marinha, em site.<\/em><\/p>\n<p>Para a estrutura de Sa\u00fade, foram disponibilizados 18 militares t\u00e9cnicos de enfermagem, al\u00e9m de duas respons\u00e1veis t\u00e9cnicas, todos capacitados pelo executivo municipal no aspecto te\u00f3rico, por meio de webconfer\u00eancia, e pr\u00e1tico, por meio de treinamento na composi\u00e7\u00e3o drive-thru de vacina\u00e7\u00e3o, localizada no Samb\u00f3dromo.<\/p>\n<p>Segundo a Marinha, caso o cidad\u00e3o vacinado com a primeira dose venha perder o cart\u00e3o de vacina\u00e7\u00e3o, ele poder\u00e1 tomar a segunda dose em qualquer outro posto, devido \u00e0 possibilidade de identifica\u00e7\u00e3o do registro online feito atrav\u00e9s do SI-PNI (Sistema de Informa\u00e7\u00f5es do Programa Nacional de Imuniza\u00e7\u00e3o).<\/p>\n<p><strong>For\u00e7as Armadas<\/strong><\/p>\n<p>As For\u00e7as Armadas tamb\u00e9m auxiliam o sistema de sa\u00fade p\u00fablica na distribui\u00e7\u00e3o de vacinas e no emprego de militares t\u00e9cnicos em enfermagem, na aplica\u00e7\u00e3o de imunizantes nas seguintes cidades: Bel\u00e9m (PA); Macap\u00e1 (AP); Tabatinga (AM); Gujar\u00e1-Mirim (RO); Cuiab\u00e1 e C\u00e1ceres (MT), Campo Grande (MS), Teresina (PI); Mossor\u00f3 (RN); Lorena (SP); Porto Alegre, Rio Grande, Uruguaiana, Cruz Alta, Santo \u00c2ngelo, Iju\u00ed e Caxias do Sul (RS); Curitiba, Lapa, Cascavel e Apucarana (PR) e Florian\u00f3polis e Joinville (SC).<\/p>\n<p>*Com informa\u00e7\u00f5es da MB<\/p>\n<p>Foto: divulga\u00e7\u00e3o<\/p>\n","protected":false},"excerpt":{"rendered":"<p>For\u00e7as Armadas apoiam o Plano Nacional de Imuniza\u00e7\u00e3o em combate \u00e0 pandemia da Covid-19 A Marinha do Brasil, com a coordena\u00e7\u00e3o do Comando do 1\u00ba&#8230;<\/p>\n","protected":false},"author":1182,"featured_media":34794,"comment_status":"closed","ping_status":"closed","sticky":false,"template":"","format":"standard","meta":{"footnotes":""},"categories":[6],"tags":[602,858,2840,2751,894,1013,4639,2948,59,674],"class_list":["post-34793","post","type-post","status-publish","format-standard","has-post-thumbnail","hentry","category-noticias","tag-abertura","tag-campanha","tag-combate","tag-covid-19","tag-forcas-armadas","tag-marinha-do-brasil","tag-plano-nacional-de-imunizacao","tag-posto","tag-rio-de-janeiro","tag-vacina"],"_links":{"self":[{"href":"https:\/\/www.sincomam.org.br\/index.php\/wp-json\/wp\/v2\/posts\/34793","targetHints":{"allow":["GET"]}}],"collection":[{"href":"https:\/\/www.sincomam.org.br\/index.php\/wp-json\/wp\/v2\/posts"}],"about":[{"href":"https:\/\/www.sincomam.org.br\/index.php\/wp-json\/wp\/v2\/types\/post"}],"author":[{"embeddable":true,"href":"https:\/\/www.sincomam.org.br\/index.php\/wp-json\/wp\/v2\/users\/1182"}],"replies":[{"embeddable":true,"href":"https:\/\/www.sincomam.org.br\/index.php\/wp-json\/wp\/v2\/comments?post=34793"}],"version-history":[{"count":1,"href":"https:\/\/www.sincomam.org.br\/index.php\/wp-json\/wp\/v2\/posts\/34793\/revisions"}],"predecessor-version":[{"id":34795,"href":"https:\/\/www.sincomam.org.br\/index.php\/wp-json\/wp\/v2\/posts\/34793\/revisions\/34795"}],"wp:featuredmedia":[{"embeddable":true,"href":"https:\/\/www.sincomam.org.br\/index.php\/wp-json\/wp\/v2\/media\/34794"}],"wp:attachment":[{"href":"https:\/\/www.sincomam.org.br\/index.php\/wp-json\/wp\/v2\/media?parent=34793"}],"wp:term":[{"taxonomy":"category","embeddable":true,"href":"https:\/\/www.sincomam.org.br\/index.php\/wp-json\/wp\/v2\/categories?post=34793"},{"taxonomy":"post_tag","embeddable":true,"href":"https:\/\/www.sincomam.org.br\/index.php\/wp-json\/wp\/v2\/tags?post=34793"}],"curies":[{"name":"wp","href":"https:\/\/api.w.org\/{rel}","templated":true}]}}