{"id":34790,"date":"2021-04-23T11:56:28","date_gmt":"2021-04-23T14:56:28","guid":{"rendered":"http:\/\/www.sincomam.org.br\/?p=34790"},"modified":"2021-04-23T11:56:28","modified_gmt":"2021-04-23T14:56:28","slug":"portos-de-itajai-e-navegantes-sao-fechados-devido-a-ondas-de-mais-de-2-metros-por-ciclone-no-mar","status":"publish","type":"post","link":"https:\/\/www.sincomam.org.br\/index.php\/portos-de-itajai-e-navegantes-sao-fechados-devido-a-ondas-de-mais-de-2-metros-por-ciclone-no-mar\/","title":{"rendered":"Portos de Itaja\u00ed e Navegantes s\u00e3o fechados devido a ondas de mais de 2 metros por ciclone no mar"},"content":{"rendered":"<p><strong><em>Entradas para os portos foram bloqueadas pela Marinha para manter seguran\u00e7a da navega\u00e7\u00e3o. N\u00e3o h\u00e1 previs\u00e3o de retorno \u00e0 normalidade.<\/em><\/strong><\/p>\n<p>Os canais de acesso aos portos de Itaja\u00ed e Navegantes, no Litoral Norte catarinense, foram fechados nesta quarta-feira (21) pela Marinha por causa do mau tempo. De acordo com of\u00edcio da corpora\u00e7\u00e3o, o mar est\u00e1 agitado, com ondas de mais de 2 metros de altura. Elas s\u00e3o causadas por um ciclone.<\/p>\n<p>Os fortes ventos e altura das ondas em localidades pr\u00f3ximas impossibilitaram as manobras dos navios cargueiros. Pelo menos uma manobra j\u00e1 foi suspensa e outras 16 est\u00e3o no cronograma do complexo portu\u00e1rio at\u00e9 s\u00e1bado (24). N\u00e3o h\u00e1 previs\u00e3o de retorno \u00e0 normalidade.<\/p>\n<p>O Complexo Portu\u00e1rio do Rio Itaja\u00ed-A\u00e7u \u00e9 um dos maiores em movimenta\u00e7\u00e3o de cont\u00eaineres do pa\u00eds. Os portos de Itaja\u00ed e Navegantes s\u00e3o op\u00e7\u00f5es de terminal de importa\u00e7\u00e3o e exporta\u00e7\u00e3o. Eles tamb\u00e9m representam alternativas que alavancam a economia do estado.<\/p>\n<p>A Defesa Civil catarinense j\u00e1 havia alertado para risco de ressaca no litoral catarinense por causa do ciclone subtropical. De acordo com o meteorologista da NSC Leandro Puchalski, o ciclone est\u00e1 no Litoral da regi\u00e3o Sudeste do pa\u00eds, a cerca de 450 quil\u00f4metros do Rio de Janeiro.<\/p>\n<p>Por\u00e9m, a tend\u00eancia \u00e9 que a tempestade des\u00e7a em dire\u00e7\u00e3o ao Sul do pa\u00eds na sexta (23) e no s\u00e1bado. Caso isso ocorra, a previs\u00e3o \u00e9 de que as ondas s\u00f3 devem se normalizar a partir de domingo (25).<\/p>\n<p>Fonte: G1 Santa Catarina<\/p>\n<p>Foto: divulga\u00e7\u00e3o<\/p>\n","protected":false},"excerpt":{"rendered":"<p>Entradas para os portos foram bloqueadas pela Marinha para manter seguran\u00e7a da navega\u00e7\u00e3o. N\u00e3o h\u00e1 previs\u00e3o de retorno \u00e0 normalidade. Os canais de acesso aos&#8230;<\/p>\n","protected":false},"author":1182,"featured_media":6990,"comment_status":"closed","ping_status":"closed","sticky":false,"template":"","format":"standard","meta":{"footnotes":""},"categories":[6],"tags":[343,1078,50,1013,886,4638,2072,4637,239],"class_list":["post-34790","post","type-post","status-publish","format-standard","has-post-thumbnail","hentry","category-noticias","tag-ciclone","tag-fechamento","tag-mar","tag-marinha-do-brasil","tag-navegacao","tag-ondas","tag-porto-de-itajai","tag-porto-de-navegantes","tag-seguranca"],"_links":{"self":[{"href":"https:\/\/www.sincomam.org.br\/index.php\/wp-json\/wp\/v2\/posts\/34790","targetHints":{"allow":["GET"]}}],"collection":[{"href":"https:\/\/www.sincomam.org.br\/index.php\/wp-json\/wp\/v2\/posts"}],"about":[{"href":"https:\/\/www.sincomam.org.br\/index.php\/wp-json\/wp\/v2\/types\/post"}],"author":[{"embeddable":true,"href":"https:\/\/www.sincomam.org.br\/index.php\/wp-json\/wp\/v2\/users\/1182"}],"replies":[{"embeddable":true,"href":"https:\/\/www.sincomam.org.br\/index.php\/wp-json\/wp\/v2\/comments?post=34790"}],"version-history":[{"count":1,"href":"https:\/\/www.sincomam.org.br\/index.php\/wp-json\/wp\/v2\/posts\/34790\/revisions"}],"predecessor-version":[{"id":34791,"href":"https:\/\/www.sincomam.org.br\/index.php\/wp-json\/wp\/v2\/posts\/34790\/revisions\/34791"}],"wp:featuredmedia":[{"embeddable":true,"href":"https:\/\/www.sincomam.org.br\/index.php\/wp-json\/wp\/v2\/media\/6990"}],"wp:attachment":[{"href":"https:\/\/www.sincomam.org.br\/index.php\/wp-json\/wp\/v2\/media?parent=34790"}],"wp:term":[{"taxonomy":"category","embeddable":true,"href":"https:\/\/www.sincomam.org.br\/index.php\/wp-json\/wp\/v2\/categories?post=34790"},{"taxonomy":"post_tag","embeddable":true,"href":"https:\/\/www.sincomam.org.br\/index.php\/wp-json\/wp\/v2\/tags?post=34790"}],"curies":[{"name":"wp","href":"https:\/\/api.w.org\/{rel}","templated":true}]}}