{"id":34760,"date":"2021-04-22T09:58:24","date_gmt":"2021-04-22T12:58:24","guid":{"rendered":"http:\/\/www.sincomam.org.br\/?p=34760"},"modified":"2021-04-22T10:00:38","modified_gmt":"2021-04-22T13:00:38","slug":"promulgada-convencao-internacional-sobre-trabalho-maritimo","status":"publish","type":"post","link":"https:\/\/www.sincomam.org.br\/index.php\/promulgada-convencao-internacional-sobre-trabalho-maritimo\/","title":{"rendered":"Promulgada conven\u00e7\u00e3o internacional sobre Trabalho Mar\u00edtimo"},"content":{"rendered":"<p><strong><em>Medida representa um avan\u00e7o na prote\u00e7\u00e3o aos direitos dos trabalhadores ao atualizar 68 conven\u00e7\u00f5es para o setor<\/em><\/strong><\/p>\n<p>A Secretaria-Geral do Planalto informou que, o Presidente Jair Bolsonaro editou <strong><a href=\"https:\/\/www.in.gov.br\/en\/web\/dou\/-\/decreto-n-10.671-de-9-de-abril-de-2021-313219169\" target=\"_blank\" rel=\"noopener\">decreto <\/a><\/strong>que promulga a Conven\u00e7\u00e3o sobre Trabalho Mar\u00edtimo (CTM), aprovada durante a 94\u00aa Confer\u00eancia Internacional do Trabalho, assinada em Genebra, em 7 de fevereiro de 2006.<\/p>\n<p>De acordo com as informa\u00e7\u00f5es, a Conven\u00e7\u00e3o do Trabalho Mar\u00edtimo \u00e9 uma verdadeira carta laboral internacional sobre o trabalho mar\u00edtimo, que assegura \u00e0 \u201cgente do mar\u201d direitos sociais como idade m\u00ednima, horas de trabalho e descanso, direito \u00e0 repatria\u00e7\u00e3o, obriga\u00e7\u00e3o de contrata\u00e7\u00e3o por prazo determinado, alimenta\u00e7\u00e3o e regras detalhadas de prote\u00e7\u00e3o \u00e0 sa\u00fade e seguran\u00e7a dos trabalhadores, inclusive quanto \u00e0 preven\u00e7\u00e3o de acidentes, sindic\u00e2ncias internas, entre outras disposi\u00e7\u00f5es.<\/p>\n<p>O instrumento abrange ainda temas como recrutamento, condi\u00e7\u00f5es de alojamento, instala\u00e7\u00f5es de lazer, bem-estar e prote\u00e7\u00e3o social. Trata-se de um avan\u00e7o na prote\u00e7\u00e3o aos direitos dos trabalhadores. A CTM consolida e atualiza 68 conven\u00e7\u00f5es e recomenda\u00e7\u00f5es para o setor mar\u00edtimo.<\/p>\n<p>O texto est\u00e1 conforme as Emendas \u00e0 Conven\u00e7\u00e3o sobre Trabalho Mar\u00edtimo aprovadas durante a 103\u00aa Confer\u00eancia Internacional do Trabalho, em Genebra, em 11 de junho de 2014.<\/p>\n<p>*Com informa\u00e7\u00f5es da Secretaria-Geral \/Planalto<\/p>\n<p>Foto: Secretaria-Geral<\/p>\n","protected":false},"excerpt":{"rendered":"<p>Medida representa um avan\u00e7o na prote\u00e7\u00e3o aos direitos dos trabalhadores ao atualizar 68 conven\u00e7\u00f5es para o setor A Secretaria-Geral do Planalto informou que, o Presidente&#8230;<\/p>\n","protected":false},"author":1182,"featured_media":34761,"comment_status":"closed","ping_status":"closed","sticky":false,"template":"","format":"standard","meta":{"footnotes":""},"categories":[6],"tags":[4632,1597,92,19,4631,554],"class_list":["post-34760","post","type-post","status-publish","format-standard","has-post-thumbnail","hentry","category-noticias","tag-convencao","tag-decreto","tag-internacional","tag-maritimo","tag-promulgada","tag-trabalho"],"_links":{"self":[{"href":"https:\/\/www.sincomam.org.br\/index.php\/wp-json\/wp\/v2\/posts\/34760","targetHints":{"allow":["GET"]}}],"collection":[{"href":"https:\/\/www.sincomam.org.br\/index.php\/wp-json\/wp\/v2\/posts"}],"about":[{"href":"https:\/\/www.sincomam.org.br\/index.php\/wp-json\/wp\/v2\/types\/post"}],"author":[{"embeddable":true,"href":"https:\/\/www.sincomam.org.br\/index.php\/wp-json\/wp\/v2\/users\/1182"}],"replies":[{"embeddable":true,"href":"https:\/\/www.sincomam.org.br\/index.php\/wp-json\/wp\/v2\/comments?post=34760"}],"version-history":[{"count":1,"href":"https:\/\/www.sincomam.org.br\/index.php\/wp-json\/wp\/v2\/posts\/34760\/revisions"}],"predecessor-version":[{"id":34762,"href":"https:\/\/www.sincomam.org.br\/index.php\/wp-json\/wp\/v2\/posts\/34760\/revisions\/34762"}],"wp:featuredmedia":[{"embeddable":true,"href":"https:\/\/www.sincomam.org.br\/index.php\/wp-json\/wp\/v2\/media\/34761"}],"wp:attachment":[{"href":"https:\/\/www.sincomam.org.br\/index.php\/wp-json\/wp\/v2\/media?parent=34760"}],"wp:term":[{"taxonomy":"category","embeddable":true,"href":"https:\/\/www.sincomam.org.br\/index.php\/wp-json\/wp\/v2\/categories?post=34760"},{"taxonomy":"post_tag","embeddable":true,"href":"https:\/\/www.sincomam.org.br\/index.php\/wp-json\/wp\/v2\/tags?post=34760"}],"curies":[{"name":"wp","href":"https:\/\/api.w.org\/{rel}","templated":true}]}}