{"id":34756,"date":"2021-04-22T09:49:52","date_gmt":"2021-04-22T12:49:52","guid":{"rendered":"http:\/\/www.sincomam.org.br\/?p=34756"},"modified":"2021-04-22T09:49:52","modified_gmt":"2021-04-22T12:49:52","slug":"indonesia-submarino-tem-capacidade-de-oxigenio-de-72-horas","status":"publish","type":"post","link":"https:\/\/www.sincomam.org.br\/index.php\/indonesia-submarino-tem-capacidade-de-oxigenio-de-72-horas\/","title":{"rendered":"Indon\u00e9sia: submarino tem capacidade de oxig\u00eanio de 72 horas"},"content":{"rendered":"<p><strong><em>Submarino desapareceu com 53 tripulantes em Bali<\/em><\/strong><\/p>\n<p>O chefe da Marinha da Indon\u00e9sia, Yudo Margono, afirmou ontem (21) que o submarino desaparecido ao largo de Bali, com 53 tripulantes a bordo, tem capacidade para 72 horas de oxig\u00eanio.<\/p>\n<p>Em entrevista coletiva, Margono disse que as equipes de buscas encontraram uma fonte de grande magnetismo a uma profundidade entre 50 e 100 metros, que pode dar pistas sobre a localiza\u00e7\u00e3o do submarino.<\/p>\n<p>Mais de 400 pessoas, al\u00e9m de cinco navios e um helic\u00f3ptero, participam desde ontem das buscas ao submarino KRI Nanggala-402, fabricado na Alemanha em 1977.<\/p>\n<p>Um porta-voz da Marinha confirmou que o submarino n\u00e3o estabeleceu contato ap\u00f3s os exerc\u00edcios militares em que estava envolvido.<\/p>\n<p><em>&#8220;O submarino perdeu o contato a partir das 3h [hora local, 16h de ter\u00e7a-feira em Bras\u00edlia]&#8221;, disse o almirante Julius Widjojono, porta-voz da Marinha Indon\u00e9sia.<\/em><\/p>\n<p>Os militares continuam nas buscas, afirmou Widjojono, acrescentando que, apesar do conhecimento da \u00e1rea, o fundo do mar \u00e9 muito profundo no arquip\u00e9lago de Bali.<\/p>\n<p>O comandante das For\u00e7as Armadas da Indon\u00e9sia, Hadi Tjahjanto, informou que Jacarta pediu ajuda a Singapura e \u00e0 Austr\u00e1lia.<\/p>\n<p>A tripula\u00e7\u00e3o do submarino \u00e9 composta por 53 pessoas. Tjahjanto acredita que o equipamento pode estar a cerca de 700 metros de profundidade ao norte de Bali.<\/p>\n<p>Fonte: Ag\u00eancia Brasil<\/p>\n<p>Foto: divulga\u00e7\u00e3o Minist\u00e9rio da Defesa da Indon\u00e9sia<\/p>\n","protected":false},"excerpt":{"rendered":"<p>Submarino desapareceu com 53 tripulantes em Bali O chefe da Marinha da Indon\u00e9sia, Yudo Margono, afirmou ontem (21) que o submarino desaparecido ao largo de&#8230;<\/p>\n","protected":false},"author":1182,"featured_media":34758,"comment_status":"closed","ping_status":"closed","sticky":false,"template":"","format":"standard","meta":{"footnotes":""},"categories":[6],"tags":[4630,1393,4629,4628,50,1756,4285,430,2808],"class_list":["post-34756","post","type-post","status-publish","format-standard","has-post-thumbnail","hentry","category-noticias","tag-bali","tag-capacidade","tag-desparecimento","tag-indonesia","tag-mar","tag-morte","tag-oxigenio","tag-submarino","tag-tripulacao"],"_links":{"self":[{"href":"https:\/\/www.sincomam.org.br\/index.php\/wp-json\/wp\/v2\/posts\/34756","targetHints":{"allow":["GET"]}}],"collection":[{"href":"https:\/\/www.sincomam.org.br\/index.php\/wp-json\/wp\/v2\/posts"}],"about":[{"href":"https:\/\/www.sincomam.org.br\/index.php\/wp-json\/wp\/v2\/types\/post"}],"author":[{"embeddable":true,"href":"https:\/\/www.sincomam.org.br\/index.php\/wp-json\/wp\/v2\/users\/1182"}],"replies":[{"embeddable":true,"href":"https:\/\/www.sincomam.org.br\/index.php\/wp-json\/wp\/v2\/comments?post=34756"}],"version-history":[{"count":1,"href":"https:\/\/www.sincomam.org.br\/index.php\/wp-json\/wp\/v2\/posts\/34756\/revisions"}],"predecessor-version":[{"id":34759,"href":"https:\/\/www.sincomam.org.br\/index.php\/wp-json\/wp\/v2\/posts\/34756\/revisions\/34759"}],"wp:featuredmedia":[{"embeddable":true,"href":"https:\/\/www.sincomam.org.br\/index.php\/wp-json\/wp\/v2\/media\/34758"}],"wp:attachment":[{"href":"https:\/\/www.sincomam.org.br\/index.php\/wp-json\/wp\/v2\/media?parent=34756"}],"wp:term":[{"taxonomy":"category","embeddable":true,"href":"https:\/\/www.sincomam.org.br\/index.php\/wp-json\/wp\/v2\/categories?post=34756"},{"taxonomy":"post_tag","embeddable":true,"href":"https:\/\/www.sincomam.org.br\/index.php\/wp-json\/wp\/v2\/tags?post=34756"}],"curies":[{"name":"wp","href":"https:\/\/api.w.org\/{rel}","templated":true}]}}