{"id":34754,"date":"2021-04-22T09:42:27","date_gmt":"2021-04-22T12:42:27","guid":{"rendered":"http:\/\/www.sincomam.org.br\/?p=34754"},"modified":"2021-04-22T09:42:27","modified_gmt":"2021-04-22T12:42:27","slug":"bolsonaro-sanciona-projeto-que-destrava-orcamento-e-reedicao-da-mp-936-e-pronampe","status":"publish","type":"post","link":"https:\/\/www.sincomam.org.br\/index.php\/bolsonaro-sanciona-projeto-que-destrava-orcamento-e-reedicao-da-mp-936-e-pronampe\/","title":{"rendered":"Bolsonaro sanciona projeto que destrava Or\u00e7amento e reedi\u00e7\u00e3o da MP 936 e Pronampe"},"content":{"rendered":"<p><strong><em>Esse foi o primeiro passo para a san\u00e7\u00e3o do Or\u00e7amento, cujo prazo acaba amanh\u00e3<\/em><\/strong><\/p>\n<p>O presidente Jair Bolsonaro sancionou o projeto de lei que libera a reedi\u00e7\u00e3o de medidas econ\u00f4micas contra a pandemia da Covid-19 e viabilizou o acordo para o Or\u00e7amento de 2021, que precisa ser sancionado nesta quinta-feira (22).<\/p>\n<p>A altera\u00e7\u00e3o das diretrizes or\u00e7ament\u00e1rias para esse ano retira a exig\u00eancia de compensa\u00e7\u00e3o para despesas tempor\u00e1rias. \u00c9 isso que vai possibilitar que o governo retome a\u00e7\u00f5es como a medida provis\u00f3ria 936, que criou o programa de manuten\u00e7\u00e3o do emprego e renda (BEm), e o Pronampe, uma linha de cr\u00e9dito espec\u00edfica para pequenas empresas.<\/p>\n<p>O Minist\u00e9rio da Economia estima que as duas medidas custar\u00e3o R$ 15 bilh\u00f5es \u2013 s\u00e3o R$ 10 bilh\u00f5es para o programa que permite a redu\u00e7\u00e3o de jornada e sal\u00e1rio e a suspens\u00e3o de contratos de trabalho e R$ 5 bilh\u00f5es para os empr\u00e9stimos.<\/p>\n<p><strong>Fora do teto<\/strong><\/p>\n<p>A proposta inicial do governo apenas alterava um dispositivo da Lei de Diretrizes Or\u00e7ament\u00e1rias (LDO) de 2021 para permitir a execu\u00e7\u00e3o de projetos com dura\u00e7\u00e3o apenas no ano corrente sem a necessidade de apresentar medida compensat\u00f3ria para a despesa.<\/p>\n<p>Isso permitiria editar as a\u00e7\u00f5es fora do teto de gastos, a regra que limita o aumento das despesas da Uni\u00e3o \u00e0 infla\u00e7\u00e3o, mas ainda exigiria a observ\u00e2ncia da meta fiscal. O texto final, no entanto, retirou os gastos com a pandemia \u2013 como as despesas de sa\u00fade, do Pronampe e do BEm \u2013 da meta do resultado das contas p\u00fablicas para 2021.<\/p>\n<p>Dessa forma, o governo n\u00e3o ter\u00e1 de modificar a meta para acomodar esses novos gastos. Para esse ano, \u00e9 previsto um d\u00e9ficit de R$ 247 bilh\u00f5es. Os R$ 44 bilh\u00f5es do aux\u00edlio emergencial j\u00e1 estavam fora da meta fiscal.<\/p>\n<p>O texto tamb\u00e9m autoriza que o Executivo fa\u00e7a bloqueios dos gastos livres e investimentos no valor necess\u00e1rio para cobrir as despesas obrigat\u00f3rias. De acordo com o governo, essa medida vai permitir que sejam recompostos as dota\u00e7\u00f5es da Previd\u00eancia e outros gastos obrigat\u00f3rios, como subven\u00e7\u00f5es econ\u00f4micas ao plano Safra e o abono-salarial e seguro desemprego, que acabaram subestimadas no Or\u00e7amento.<\/p>\n<p><strong>Veto \u00e0 emenda<\/strong><\/p>\n<p>Al\u00e9m dessas modifica\u00e7\u00f5es, os parlamentares inclu\u00edram um dispositivo que permitia a assinatura de contratos e a realiza\u00e7\u00e3o de transfer\u00eancias e doa\u00e7\u00f5es para munic\u00edpios com at\u00e9 50 mil habitantes em situa\u00e7\u00e3o de inadimpl\u00eancia com a Uni\u00e3o. Essa inclus\u00e3o havia sido feita ap\u00f3s apresenta\u00e7\u00e3o de emendas do deputado Lucas Verg\u00edlio (Solidariedade-GO) e do senador Fernando Bezerra Coelho (MDB-PE), l\u00edder do governo no Senado.<\/p>\n<p>Bolsonaro vetou esse trecho, a pedido da equipe econ\u00f4mica. A avalia\u00e7\u00e3o \u00e9 de que, ainda que a inten\u00e7\u00e3o do Legislativo serja louv\u00e1vel, a medida enfraqueceria o controle das contas p\u00fablicas e a fiscaliza\u00e7\u00e3o dos valores transferidos pela Uni\u00e3o.<\/p>\n<p><em>\u201cOs munic\u00edpios com menos de 50.000 habitantes representam cerca de 88% dos munic\u00edpios brasileiros, fato que, combinado com as exce\u00e7\u00f5es j\u00e1 existentes, tornaria os instrumentos de controle e de boa gest\u00e3o fiscal ineficazes\u201d, diz a mensagem de Bolsonaro que justifica o veto.<\/em><\/p>\n<p>Fonte: O Globo<\/p>\n","protected":false},"excerpt":{"rendered":"<p>Esse foi o primeiro passo para a san\u00e7\u00e3o do Or\u00e7amento, cujo prazo acaba amanh\u00e3 O presidente Jair Bolsonaro sancionou o projeto de lei que libera&#8230;<\/p>\n","protected":false},"author":1182,"featured_media":18040,"comment_status":"closed","ping_status":"closed","sticky":false,"template":"","format":"standard","meta":{"footnotes":""},"categories":[6],"tags":[818,844,2835,1001,2865,2925,314,367,4627,4626,4603,1658],"class_list":["post-34754","post","type-post","status-publish","format-standard","has-post-thumbnail","hentry","category-noticias","tag-aprovacao","tag-congresso","tag-jair-bolsonaro","tag-lei","tag-mp-936","tag-orcamento","tag-presidente","tag-projeto","tag-pronampe","tag-reedicao","tag-sancao","tag-veto"],"_links":{"self":[{"href":"https:\/\/www.sincomam.org.br\/index.php\/wp-json\/wp\/v2\/posts\/34754","targetHints":{"allow":["GET"]}}],"collection":[{"href":"https:\/\/www.sincomam.org.br\/index.php\/wp-json\/wp\/v2\/posts"}],"about":[{"href":"https:\/\/www.sincomam.org.br\/index.php\/wp-json\/wp\/v2\/types\/post"}],"author":[{"embeddable":true,"href":"https:\/\/www.sincomam.org.br\/index.php\/wp-json\/wp\/v2\/users\/1182"}],"replies":[{"embeddable":true,"href":"https:\/\/www.sincomam.org.br\/index.php\/wp-json\/wp\/v2\/comments?post=34754"}],"version-history":[{"count":1,"href":"https:\/\/www.sincomam.org.br\/index.php\/wp-json\/wp\/v2\/posts\/34754\/revisions"}],"predecessor-version":[{"id":34755,"href":"https:\/\/www.sincomam.org.br\/index.php\/wp-json\/wp\/v2\/posts\/34754\/revisions\/34755"}],"wp:featuredmedia":[{"embeddable":true,"href":"https:\/\/www.sincomam.org.br\/index.php\/wp-json\/wp\/v2\/media\/18040"}],"wp:attachment":[{"href":"https:\/\/www.sincomam.org.br\/index.php\/wp-json\/wp\/v2\/media?parent=34754"}],"wp:term":[{"taxonomy":"category","embeddable":true,"href":"https:\/\/www.sincomam.org.br\/index.php\/wp-json\/wp\/v2\/categories?post=34754"},{"taxonomy":"post_tag","embeddable":true,"href":"https:\/\/www.sincomam.org.br\/index.php\/wp-json\/wp\/v2\/tags?post=34754"}],"curies":[{"name":"wp","href":"https:\/\/api.w.org\/{rel}","templated":true}]}}