{"id":34750,"date":"2021-04-22T09:35:21","date_gmt":"2021-04-22T12:35:21","guid":{"rendered":"http:\/\/www.sincomam.org.br\/?p=34750"},"modified":"2021-04-22T09:35:48","modified_gmt":"2021-04-22T12:35:48","slug":"novo-comandante-e-transferido-para-a-reserva-da-marinha","status":"publish","type":"post","link":"https:\/\/www.sincomam.org.br\/index.php\/novo-comandante-e-transferido-para-a-reserva-da-marinha\/","title":{"rendered":"Novo comandante \u00e9 transferido para a reserva da Marinha"},"content":{"rendered":"<p><strong><em>Altera\u00e7\u00e3o em vigor desde o \u00faltimo dia 9 foi oficializada nesta quinta-feira pelo presidente Jair Bolsonaro<\/em><\/strong><\/p>\n<p>Rec\u00e9m-empossado como comandante da Marinha, o almirante de esquadra Almir Garnier Santos foi transferido nesta quinta-feira (22) para a reserva do \u00f3rg\u00e3o militar. A decis\u00e3o, publicada no Di\u00e1rio Oficial da Uni\u00e3o, ganhou validada no \u00faltimo dia 9 de abril, quando Garnier foi nomeado para o cargo.<\/p>\n<p>Garnier assumiu o lugar de Ilques Barbosa na Marinha ap\u00f3s trocas feitas pelo do novo ministro da Defesa, general Braga Netto, nas For\u00e7as Armadas com a orienta\u00e7\u00e3o do presidente Jair Bolsonaro.<\/p>\n<p>Nascido em 1960, Garnier chefiava a Secrertaria-Geral do Minist\u00e9rio da Defesa desde janeiro de 2019. Na pasta, atuou por mais de dois anos e meio (junho de 2014 a janeiro de 2017) como assessor especial militar com os ministros Celso Amorim, Jaques Wagner, Aldo Rebelo e Raul Jungmann.<\/p>\n<p>Fonte: R7<\/p>\n<p>Foto: divulga\u00e7\u00e3o Marinha do Brasil<\/p>\n<p>&nbsp;<\/p>\n","protected":false},"excerpt":{"rendered":"<p>Altera\u00e7\u00e3o em vigor desde o \u00faltimo dia 9 foi oficializada nesta quinta-feira pelo presidente Jair Bolsonaro Rec\u00e9m-empossado como comandante da Marinha, o almirante de esquadra&#8230;<\/p>\n","protected":false},"author":1182,"featured_media":34751,"comment_status":"closed","ping_status":"closed","sticky":false,"template":"","format":"standard","meta":{"footnotes":""},"categories":[6],"tags":[1168,4625,1519],"class_list":["post-34750","post","type-post","status-publish","format-standard","has-post-thumbnail","hentry","category-noticias","tag-comandante","tag-marinha-do-brasil-reserva","tag-posse"],"_links":{"self":[{"href":"https:\/\/www.sincomam.org.br\/index.php\/wp-json\/wp\/v2\/posts\/34750","targetHints":{"allow":["GET"]}}],"collection":[{"href":"https:\/\/www.sincomam.org.br\/index.php\/wp-json\/wp\/v2\/posts"}],"about":[{"href":"https:\/\/www.sincomam.org.br\/index.php\/wp-json\/wp\/v2\/types\/post"}],"author":[{"embeddable":true,"href":"https:\/\/www.sincomam.org.br\/index.php\/wp-json\/wp\/v2\/users\/1182"}],"replies":[{"embeddable":true,"href":"https:\/\/www.sincomam.org.br\/index.php\/wp-json\/wp\/v2\/comments?post=34750"}],"version-history":[{"count":2,"href":"https:\/\/www.sincomam.org.br\/index.php\/wp-json\/wp\/v2\/posts\/34750\/revisions"}],"predecessor-version":[{"id":34753,"href":"https:\/\/www.sincomam.org.br\/index.php\/wp-json\/wp\/v2\/posts\/34750\/revisions\/34753"}],"wp:featuredmedia":[{"embeddable":true,"href":"https:\/\/www.sincomam.org.br\/index.php\/wp-json\/wp\/v2\/media\/34751"}],"wp:attachment":[{"href":"https:\/\/www.sincomam.org.br\/index.php\/wp-json\/wp\/v2\/media?parent=34750"}],"wp:term":[{"taxonomy":"category","embeddable":true,"href":"https:\/\/www.sincomam.org.br\/index.php\/wp-json\/wp\/v2\/categories?post=34750"},{"taxonomy":"post_tag","embeddable":true,"href":"https:\/\/www.sincomam.org.br\/index.php\/wp-json\/wp\/v2\/tags?post=34750"}],"curies":[{"name":"wp","href":"https:\/\/api.w.org\/{rel}","templated":true}]}}