{"id":34728,"date":"2021-04-20T10:28:11","date_gmt":"2021-04-20T13:28:11","guid":{"rendered":"http:\/\/www.sincomam.org.br\/?p=34728"},"modified":"2021-04-20T11:59:16","modified_gmt":"2021-04-20T14:59:16","slug":"salvamar-nordeste-realiza-o-resgate-de-tripulante-de-navio-mercante-em-pernambuco","status":"publish","type":"post","link":"https:\/\/www.sincomam.org.br\/index.php\/salvamar-nordeste-realiza-o-resgate-de-tripulante-de-navio-mercante-em-pernambuco\/","title":{"rendered":"Salvamar Nordeste realiza o resgate de tripulante de navio mercante em Pernambuco"},"content":{"rendered":"<p><em><strong>Aeronave da For\u00e7a A\u00e9rea Brasileira fez a evacua\u00e7\u00e3o aerom\u00e9dica do tripulante turco<\/strong><\/em><\/p>\n<p>A Marinha do Brasil informou que o Salvamar Nordeste, sediado no Comando do 3\u00ba Distrito Naval, coordenou a evacua\u00e7\u00e3o aerom\u00e9dica de um tripulante turco do Navio Mercante malt\u00eas \u201cIstanbul\u201d que apresentou problemas de sa\u00fade a bordo.<\/p>\n<p>Segundo a Marinha, o Salvamar Nordeste iniciou uma Opera\u00e7\u00e3o de Busca e Salvamento e, em coordena\u00e7\u00e3o com a For\u00e7a A\u00e9rea, recebeu o apoio de uma aeronave H-36 Caracal, que resgatou o tripulante a bordo e o transportou at\u00e9 a Base A\u00e9rea de Recife (PE).<\/p>\n<p>A equipe de Busca e Salvamento da Capitania dos Portos de Pernambuco acompanhou o desembarque da v\u00edtima, que foi encaminhada, de ambul\u00e2ncia, at\u00e9 um hospital da capital pernambucana para o atendimento m\u00e9dico necess\u00e1rio.<\/p>\n<p>*Com informa\u00e7\u00f5es da MB<\/p>\n<p>Foto: divulga\u00e7\u00e3o Marinha<\/p>\n","protected":false},"excerpt":{"rendered":"<p>Aeronave da For\u00e7a A\u00e9rea Brasileira fez a evacua\u00e7\u00e3o aerom\u00e9dica do tripulante turco A Marinha do Brasil informou que o Salvamar Nordeste, sediado no Comando do&#8230;<\/p>\n","protected":false},"author":1182,"featured_media":34729,"comment_status":"closed","ping_status":"closed","sticky":false,"template":"","format":"standard","meta":{"footnotes":""},"categories":[6],"tags":[1013,370,47,1753,394,4620,978],"class_list":["post-34728","post","type-post","status-publish","format-standard","has-post-thumbnail","hentry","category-noticias","tag-marinha-do-brasil","tag-marinha-mercante","tag-navio","tag-pernambuco","tag-resgate","tag-salvamar-nordeste","tag-tripulante"],"_links":{"self":[{"href":"https:\/\/www.sincomam.org.br\/index.php\/wp-json\/wp\/v2\/posts\/34728","targetHints":{"allow":["GET"]}}],"collection":[{"href":"https:\/\/www.sincomam.org.br\/index.php\/wp-json\/wp\/v2\/posts"}],"about":[{"href":"https:\/\/www.sincomam.org.br\/index.php\/wp-json\/wp\/v2\/types\/post"}],"author":[{"embeddable":true,"href":"https:\/\/www.sincomam.org.br\/index.php\/wp-json\/wp\/v2\/users\/1182"}],"replies":[{"embeddable":true,"href":"https:\/\/www.sincomam.org.br\/index.php\/wp-json\/wp\/v2\/comments?post=34728"}],"version-history":[{"count":2,"href":"https:\/\/www.sincomam.org.br\/index.php\/wp-json\/wp\/v2\/posts\/34728\/revisions"}],"predecessor-version":[{"id":34733,"href":"https:\/\/www.sincomam.org.br\/index.php\/wp-json\/wp\/v2\/posts\/34728\/revisions\/34733"}],"wp:featuredmedia":[{"embeddable":true,"href":"https:\/\/www.sincomam.org.br\/index.php\/wp-json\/wp\/v2\/media\/34729"}],"wp:attachment":[{"href":"https:\/\/www.sincomam.org.br\/index.php\/wp-json\/wp\/v2\/media?parent=34728"}],"wp:term":[{"taxonomy":"category","embeddable":true,"href":"https:\/\/www.sincomam.org.br\/index.php\/wp-json\/wp\/v2\/categories?post=34728"},{"taxonomy":"post_tag","embeddable":true,"href":"https:\/\/www.sincomam.org.br\/index.php\/wp-json\/wp\/v2\/tags?post=34728"}],"curies":[{"name":"wp","href":"https:\/\/api.w.org\/{rel}","templated":true}]}}