{"id":34726,"date":"2021-04-20T10:03:57","date_gmt":"2021-04-20T13:03:57","guid":{"rendered":"http:\/\/www.sincomam.org.br\/?p=34726"},"modified":"2021-04-20T10:03:57","modified_gmt":"2021-04-20T13:03:57","slug":"inss-detalha-comunicacao-a-pf-em-caso-de-saque-indevido-de-beneficio","status":"publish","type":"post","link":"https:\/\/www.sincomam.org.br\/index.php\/inss-detalha-comunicacao-a-pf-em-caso-de-saque-indevido-de-beneficio\/","title":{"rendered":"INSS detalha comunica\u00e7\u00e3o \u00e0 PF em caso de saque indevido de benef\u00edcio"},"content":{"rendered":"<p><strong><em>Medidas entram em vigor no dia 3 de maio<\/em><\/strong><\/p>\n<p>O Instituto Nacional do Seguro Social (INSS) publicou no Di\u00e1rio Oficial da Uni\u00e3o de hoje (19) portaria que estabelece fluxo de comunica\u00e7\u00e3o com a Pol\u00edcia Federal (PF) ou Minist\u00e9rio P\u00fablico Federal (MPF), caso sejam identificados saques indevidos em pagamentos feitos ap\u00f3s o \u00f3bito de benefici\u00e1rio.<\/p>\n<p>A portaria, que entrar\u00e1 em vigor no dia 3 de maio, detalha os dados necess\u00e1rios para a \u201cado\u00e7\u00e3o de medidas relacionadas \u00e0 persecu\u00e7\u00e3o penal\u201d contra esse tipo de irregularidade. Os dados ser\u00e3o coletados, para fins de encaminhamento, \u201cpreferencialmente de forma eletr\u00f4nica\u201d, tanto \u00e0 PF como ao MPF.<\/p>\n<p>A portaria acrescenta que a identifica\u00e7\u00e3o da irregularidade abrange, al\u00e9m do pagamento indevido de benef\u00edcio ap\u00f3s o \u00f3bito do benefici\u00e1rio, a confirma\u00e7\u00e3o do \u00f3bito, o pagamento e o saque indevido.<\/p>\n<p><em>\u201cAp\u00f3s o encaminhamento dos dados ao MPF, haver\u00e1 a comunica\u00e7\u00e3o \u00e0 Procuradoria Federal Especializada junto ao INSS para an\u00e1lise e provid\u00eancias a seu cargo&#8221;, diz a portaria.<\/em><\/p>\n<p>Os dados, os documentos, o meio, a formata\u00e7\u00e3o e a periodicidade de envio ser\u00e3o ajustados com a PF e o MPF, por meio da Diretoria de Integridade, Governan\u00e7a e Gerenciamento de Riscos (Digov) e da Procuradoria Especializada.<\/p>\n<p>No ajuste dever\u00e1 constar que a PF, identificando a autoria delitiva, comunicar\u00e1 o fato ao INSS, para fins de ado\u00e7\u00e3o de medidas relacionadas \u00e0 recupera\u00e7\u00e3o patrimonial.<\/p>\n<p>Ap\u00f3s a Digov construir e operacionalizar o ajuste, as ger\u00eancias executivas dever\u00e3o comunicar os casos de pagamento indevido t\u00e3o logo seja confirmado o \u00f3bito do benefici\u00e1rio, o pagamento e o saque indevido nos casos em que a data do \u00faltimo saque tenha ocorrido h\u00e1 menos de 12 (doze) anos; e nos casos em que tenha havido saque de quantia superior a tr\u00eas compet\u00eancias.<\/p>\n<p><em>\u201cNos demais casos, ap\u00f3s a conclus\u00e3o do processo administrativo, dever\u00e1 ser dada ci\u00eancia \u00e0 Coordena\u00e7\u00e3o-Geral de Monitoramento e Controle de Benef\u00edcios, para fins de consolida\u00e7\u00e3o dos dados e envio trimestral \u00e0 Divis\u00e3o de Repress\u00e3o a Crimes Previdenci\u00e1rios da PF e \u00e0 2\u00aa C\u00e2mara de Coordena\u00e7\u00e3o e Revis\u00e3o do MPF.\u201d<\/em><\/p>\n<p>Fonte: Ag\u00eancia Brasil<\/p>\n","protected":false},"excerpt":{"rendered":"<p>Medidas entram em vigor no dia 3 de maio O Instituto Nacional do Seguro Social (INSS) publicou no Di\u00e1rio Oficial da Uni\u00e3o de hoje (19)&#8230;<\/p>\n","protected":false},"author":1182,"featured_media":31792,"comment_status":"closed","ping_status":"closed","sticky":false,"template":"","format":"standard","meta":{"footnotes":""},"categories":[6],"tags":[2377,4619,1839,415,367,696],"class_list":["post-34726","post","type-post","status-publish","format-standard","has-post-thumbnail","hentry","category-noticias","tag-beneficio","tag-indevido","tag-inss","tag-policia-federal","tag-projeto","tag-saque"],"_links":{"self":[{"href":"https:\/\/www.sincomam.org.br\/index.php\/wp-json\/wp\/v2\/posts\/34726","targetHints":{"allow":["GET"]}}],"collection":[{"href":"https:\/\/www.sincomam.org.br\/index.php\/wp-json\/wp\/v2\/posts"}],"about":[{"href":"https:\/\/www.sincomam.org.br\/index.php\/wp-json\/wp\/v2\/types\/post"}],"author":[{"embeddable":true,"href":"https:\/\/www.sincomam.org.br\/index.php\/wp-json\/wp\/v2\/users\/1182"}],"replies":[{"embeddable":true,"href":"https:\/\/www.sincomam.org.br\/index.php\/wp-json\/wp\/v2\/comments?post=34726"}],"version-history":[{"count":1,"href":"https:\/\/www.sincomam.org.br\/index.php\/wp-json\/wp\/v2\/posts\/34726\/revisions"}],"predecessor-version":[{"id":34727,"href":"https:\/\/www.sincomam.org.br\/index.php\/wp-json\/wp\/v2\/posts\/34726\/revisions\/34727"}],"wp:featuredmedia":[{"embeddable":true,"href":"https:\/\/www.sincomam.org.br\/index.php\/wp-json\/wp\/v2\/media\/31792"}],"wp:attachment":[{"href":"https:\/\/www.sincomam.org.br\/index.php\/wp-json\/wp\/v2\/media?parent=34726"}],"wp:term":[{"taxonomy":"category","embeddable":true,"href":"https:\/\/www.sincomam.org.br\/index.php\/wp-json\/wp\/v2\/categories?post=34726"},{"taxonomy":"post_tag","embeddable":true,"href":"https:\/\/www.sincomam.org.br\/index.php\/wp-json\/wp\/v2\/tags?post=34726"}],"curies":[{"name":"wp","href":"https:\/\/api.w.org\/{rel}","templated":true}]}}