{"id":34713,"date":"2021-04-19T12:35:09","date_gmt":"2021-04-19T15:35:09","guid":{"rendered":"http:\/\/www.sincomam.org.br\/?p=34713"},"modified":"2021-04-19T12:35:09","modified_gmt":"2021-04-19T15:35:09","slug":"porto-de-vitoria-tem-o-melhor-trimestre-em-uma-decada","status":"publish","type":"post","link":"https:\/\/www.sincomam.org.br\/index.php\/porto-de-vitoria-tem-o-melhor-trimestre-em-uma-decada\/","title":{"rendered":"Porto de Vit\u00f3ria tem o melhor trimestre em uma d\u00e9cada"},"content":{"rendered":"<p>O Porto de Vit\u00f3ria deu um enorme salto em movimenta\u00e7\u00e3o de cargas no primeiro trimestre deste ano. O crescimento no volume de cargas foi de 25,8% no comparativo com o mesmo per\u00edodo de 2020. \u00c9 o melhor resultado para o trimestre dos \u00faltimos 10 anos.<\/p>\n<p>Segundo o coordenador de Planejamento e Desenvolvimento, Leonardo Bianchi, o resultado do primeiro trimestre indica uma tend\u00eancia de crescimento para o restante do ano. &#8220;Os n\u00fameros do 1\u00ba trimestre refor\u00e7am a tend\u00eancia de crescimento na movimenta\u00e7\u00e3o de cargas para 2021, pois identificamos um aumento da atividade em diversas cadeias de suprimento, e o Porto de Vit\u00f3ria vem demonstrando capacidade em atender esta demanda, mantendo a qualidade do n\u00edvel de servi\u00e7o&#8221;, pontuou.<\/p>\n<p>A opera\u00e7\u00e3o de cargas foi de 1,78 milh\u00e3o de toneladas entre janeiro e mar\u00e7o, contra 1,42 milh\u00e3o de toneladas no mesmo trimestre do ano passado. Os principais destaques na movimenta\u00e7\u00e3o de carga no per\u00edodo foram: soda c\u00e1ustica (71,8%), malte (51,7%), carga conteinerizada (20,2%), ferro gusa (18,8%), combust\u00edveis (10,1%), adubo e fertilizante (5,5%).<\/p>\n<p>Fonte: Portos e Navios<\/p>\n","protected":false},"excerpt":{"rendered":"<p>O Porto de Vit\u00f3ria deu um enorme salto em movimenta\u00e7\u00e3o de cargas no primeiro trimestre deste ano. O crescimento no volume de cargas foi de&#8230;<\/p>\n","protected":false},"author":1182,"featured_media":6436,"comment_status":"closed","ping_status":"closed","sticky":false,"template":"","format":"standard","meta":{"footnotes":""},"categories":[6],"tags":[170,4616,2243,3251],"class_list":["post-34713","post","type-post","status-publish","format-standard","has-post-thumbnail","hentry","category-noticias","tag-crescimento","tag-decada","tag-porto-de-vitoria","tag-trimestre"],"_links":{"self":[{"href":"https:\/\/www.sincomam.org.br\/index.php\/wp-json\/wp\/v2\/posts\/34713","targetHints":{"allow":["GET"]}}],"collection":[{"href":"https:\/\/www.sincomam.org.br\/index.php\/wp-json\/wp\/v2\/posts"}],"about":[{"href":"https:\/\/www.sincomam.org.br\/index.php\/wp-json\/wp\/v2\/types\/post"}],"author":[{"embeddable":true,"href":"https:\/\/www.sincomam.org.br\/index.php\/wp-json\/wp\/v2\/users\/1182"}],"replies":[{"embeddable":true,"href":"https:\/\/www.sincomam.org.br\/index.php\/wp-json\/wp\/v2\/comments?post=34713"}],"version-history":[{"count":1,"href":"https:\/\/www.sincomam.org.br\/index.php\/wp-json\/wp\/v2\/posts\/34713\/revisions"}],"predecessor-version":[{"id":34714,"href":"https:\/\/www.sincomam.org.br\/index.php\/wp-json\/wp\/v2\/posts\/34713\/revisions\/34714"}],"wp:featuredmedia":[{"embeddable":true,"href":"https:\/\/www.sincomam.org.br\/index.php\/wp-json\/wp\/v2\/media\/6436"}],"wp:attachment":[{"href":"https:\/\/www.sincomam.org.br\/index.php\/wp-json\/wp\/v2\/media?parent=34713"}],"wp:term":[{"taxonomy":"category","embeddable":true,"href":"https:\/\/www.sincomam.org.br\/index.php\/wp-json\/wp\/v2\/categories?post=34713"},{"taxonomy":"post_tag","embeddable":true,"href":"https:\/\/www.sincomam.org.br\/index.php\/wp-json\/wp\/v2\/tags?post=34713"}],"curies":[{"name":"wp","href":"https:\/\/api.w.org\/{rel}","templated":true}]}}