{"id":34699,"date":"2021-04-16T13:28:43","date_gmt":"2021-04-16T16:28:43","guid":{"rendered":"http:\/\/www.sincomam.org.br\/?p=34699"},"modified":"2021-04-16T13:28:57","modified_gmt":"2021-04-16T16:28:57","slug":"silva-e-luna-deve-assumir-presidencia-da-petrobras-nesta-sexta-feira","status":"publish","type":"post","link":"https:\/\/www.sincomam.org.br\/index.php\/silva-e-luna-deve-assumir-presidencia-da-petrobras-nesta-sexta-feira\/","title":{"rendered":"Silva e Luna deve assumir presid\u00eancia da Petrobras nesta sexta-feira"},"content":{"rendered":"<p>O general Joaquim Silva e Luna deve ser confirmado e tomar posse nesta sexta-feira (16) como novo presidente da Petrobras. Ele deve ser eleito em reuni\u00e3o do Conselho de Administra\u00e7\u00e3o e ser empossado em seguida, na sede da empresa no Rio.<\/p>\n<p>Silva e Luna assume um dia ap\u00f3s a Petrobras aumentar o pre\u00e7o dos combust\u00edveis nas refinarias. O reajuste ser\u00e1 de 3,7%, na m\u00e9dia, para o diesel, e de 1,9% na gasolina, conforme decis\u00e3o tomada ontem. \u00c9 a primeira alta nas \u00faltimas cinco semanas.<\/p>\n<p>Fonte: Congresso em Foco<\/p>\n<p><strong>Leia tamb\u00e9m: <\/strong><a href=\"https:\/\/www.sincomam.org.br\/index.php\/diesel-e-gasolina-ficam-mais-caros-nas-refinarias-a-partir-de-amanha\/\" target=\"_blank\" rel=\"noopener\"><strong>Petrobras anuncia aumento do diesel e gasolina nas refinarias\u00a0<\/strong><\/a><\/p>\n","protected":false},"excerpt":{"rendered":"<p>O general Joaquim Silva e Luna deve ser confirmado e tomar posse nesta sexta-feira (16) como novo presidente da Petrobras. Ele deve ser eleito em&#8230;<\/p>\n","protected":false},"author":1182,"featured_media":17775,"comment_status":"closed","ping_status":"closed","sticky":false,"template":"","format":"standard","meta":{"footnotes":""},"categories":[6],"tags":[4361,58,314],"class_list":["post-34699","post","type-post","status-publish","format-standard","has-post-thumbnail","hentry","category-noticias","tag-general-joaquim-silva-e-luna","tag-petrobras","tag-presidente"],"_links":{"self":[{"href":"https:\/\/www.sincomam.org.br\/index.php\/wp-json\/wp\/v2\/posts\/34699","targetHints":{"allow":["GET"]}}],"collection":[{"href":"https:\/\/www.sincomam.org.br\/index.php\/wp-json\/wp\/v2\/posts"}],"about":[{"href":"https:\/\/www.sincomam.org.br\/index.php\/wp-json\/wp\/v2\/types\/post"}],"author":[{"embeddable":true,"href":"https:\/\/www.sincomam.org.br\/index.php\/wp-json\/wp\/v2\/users\/1182"}],"replies":[{"embeddable":true,"href":"https:\/\/www.sincomam.org.br\/index.php\/wp-json\/wp\/v2\/comments?post=34699"}],"version-history":[{"count":2,"href":"https:\/\/www.sincomam.org.br\/index.php\/wp-json\/wp\/v2\/posts\/34699\/revisions"}],"predecessor-version":[{"id":34703,"href":"https:\/\/www.sincomam.org.br\/index.php\/wp-json\/wp\/v2\/posts\/34699\/revisions\/34703"}],"wp:featuredmedia":[{"embeddable":true,"href":"https:\/\/www.sincomam.org.br\/index.php\/wp-json\/wp\/v2\/media\/17775"}],"wp:attachment":[{"href":"https:\/\/www.sincomam.org.br\/index.php\/wp-json\/wp\/v2\/media?parent=34699"}],"wp:term":[{"taxonomy":"category","embeddable":true,"href":"https:\/\/www.sincomam.org.br\/index.php\/wp-json\/wp\/v2\/categories?post=34699"},{"taxonomy":"post_tag","embeddable":true,"href":"https:\/\/www.sincomam.org.br\/index.php\/wp-json\/wp\/v2\/tags?post=34699"}],"curies":[{"name":"wp","href":"https:\/\/api.w.org\/{rel}","templated":true}]}}