{"id":34696,"date":"2021-04-16T13:14:03","date_gmt":"2021-04-16T16:14:03","guid":{"rendered":"http:\/\/www.sincomam.org.br\/?p=34696"},"modified":"2021-04-16T13:14:03","modified_gmt":"2021-04-16T16:14:03","slug":"mark-juzwiak-e-nomeado-como-diretor-presidente-da-abac","status":"publish","type":"post","link":"https:\/\/www.sincomam.org.br\/index.php\/mark-juzwiak-e-nomeado-como-diretor-presidente-da-abac\/","title":{"rendered":"Mark Juzwiak \u00e9 nomeado como diretor-presidente da ABAC"},"content":{"rendered":"<p><strong><em>Executivo assume o cargo para o bi\u00eanio 2021\/2023<\/em><\/strong><\/p>\n<p>Mark Piotr Juzwiak \u00e9 o novo diretor-presidente da Associa\u00e7\u00e3o Brasileira dos Armadores de Cabotagem (ABAC). O executivo foi eleito nesta quinta-feira (15), juntamente com os integrantes da nova diretoria para o bi\u00eanio 2021\/2023.<\/p>\n<p>Juzwiak, que \u00e9 diretor de rela\u00e7\u00f5es institucionais da Alian\u00e7a Navega\u00e7\u00e3o e Log\u00edstica, ocupar\u00e1 a vaga de Cleber Lucas, que morreu no \u00faltimo dia 16 de mar\u00e7o, em virtude de complica\u00e7\u00f5es oriundas da Covid-19.<\/p>\n","protected":false},"excerpt":{"rendered":"<p>Executivo assume o cargo para o bi\u00eanio 2021\/2023 Mark Piotr Juzwiak \u00e9 o novo diretor-presidente da Associa\u00e7\u00e3o Brasileira dos Armadores de Cabotagem (ABAC). O executivo&#8230;<\/p>\n","protected":false},"author":1182,"featured_media":34697,"comment_status":"closed","ping_status":"closed","sticky":false,"template":"","format":"standard","meta":{"footnotes":""},"categories":[6],"tags":[4611,4610,4609],"class_list":["post-34696","post","type-post","status-publish","format-standard","has-post-thumbnail","hentry","category-noticias","tag-associacao-brasileira-dos-armadores-de-cabotagem-abac","tag-diretor-presidente","tag-mark-juzwiak"],"_links":{"self":[{"href":"https:\/\/www.sincomam.org.br\/index.php\/wp-json\/wp\/v2\/posts\/34696","targetHints":{"allow":["GET"]}}],"collection":[{"href":"https:\/\/www.sincomam.org.br\/index.php\/wp-json\/wp\/v2\/posts"}],"about":[{"href":"https:\/\/www.sincomam.org.br\/index.php\/wp-json\/wp\/v2\/types\/post"}],"author":[{"embeddable":true,"href":"https:\/\/www.sincomam.org.br\/index.php\/wp-json\/wp\/v2\/users\/1182"}],"replies":[{"embeddable":true,"href":"https:\/\/www.sincomam.org.br\/index.php\/wp-json\/wp\/v2\/comments?post=34696"}],"version-history":[{"count":1,"href":"https:\/\/www.sincomam.org.br\/index.php\/wp-json\/wp\/v2\/posts\/34696\/revisions"}],"predecessor-version":[{"id":34698,"href":"https:\/\/www.sincomam.org.br\/index.php\/wp-json\/wp\/v2\/posts\/34696\/revisions\/34698"}],"wp:featuredmedia":[{"embeddable":true,"href":"https:\/\/www.sincomam.org.br\/index.php\/wp-json\/wp\/v2\/media\/34697"}],"wp:attachment":[{"href":"https:\/\/www.sincomam.org.br\/index.php\/wp-json\/wp\/v2\/media?parent=34696"}],"wp:term":[{"taxonomy":"category","embeddable":true,"href":"https:\/\/www.sincomam.org.br\/index.php\/wp-json\/wp\/v2\/categories?post=34696"},{"taxonomy":"post_tag","embeddable":true,"href":"https:\/\/www.sincomam.org.br\/index.php\/wp-json\/wp\/v2\/tags?post=34696"}],"curies":[{"name":"wp","href":"https:\/\/api.w.org\/{rel}","templated":true}]}}