{"id":34694,"date":"2021-04-16T12:56:54","date_gmt":"2021-04-16T15:56:54","guid":{"rendered":"http:\/\/www.sincomam.org.br\/?p=34694"},"modified":"2021-04-16T12:56:54","modified_gmt":"2021-04-16T15:56:54","slug":"log-in-assina-contrato-de-transicao-de-area-no-porto-de-vitoria","status":"publish","type":"post","link":"https:\/\/www.sincomam.org.br\/index.php\/log-in-assina-contrato-de-transicao-de-area-no-porto-de-vitoria\/","title":{"rendered":"Log-In assina contrato de transi\u00e7\u00e3o de \u00e1rea no porto de Vit\u00f3ria"},"content":{"rendered":"<p><strong><em>Projeto compreende a explora\u00e7\u00e3o transit\u00f3ria de uma \u00e1rea de 54.086 metros quadrados pelo prazo de 180 dias<\/em><\/strong><\/p>\n<p>A Log-In -Log\u00edstica Intermodal indicou que sua subsidi\u00e1ria TVV \u2013Terminal de Vila Velha S.A. (TVV) assinou o contrato de transi\u00e7\u00e3o da \u00e1rea n\u00ba 5 do Porto Organizado de Vit\u00f3ria junto \u00e0 Companhia Docas do Estado do Esp\u00edrito Santo (Codesa).<\/p>\n<p>O projeto em quest\u00e3o compreende a explora\u00e7\u00e3o transit\u00f3ria de uma \u00e1rea de 54.086 metros quadrados pelo prazo de 18 dias, onde a companhia movimentar\u00e1 ve\u00edculos, refor\u00e7ando a sua participa\u00e7\u00e3o no Porto Organizado de Vit\u00f3ria (ES), e a amplia\u00e7\u00e3o dos servi\u00e7os ofertados \u00e0 sua base atual e potencial de clientes.<\/p>\n<p>A assinatura, ocorrida na quinta-feira, se deu no \u00e2mbito do Edital de Processo Seletivo Simplificado n.\u00ba 01\/2020, organizado pela Codesa, ap\u00f3s a publica\u00e7\u00e3o da resolu\u00e7\u00e3o autorizativa da Ag\u00eancia Nacional dos Transportes Aquavi\u00e1rios (Antaq).<\/p>\n<p>Fonte: Valor<\/p>\n<p>Foto: divulga\u00e7\u00e3o Porto de Vit\u00f3ria<\/p>\n","protected":false},"excerpt":{"rendered":"<p>Projeto compreende a explora\u00e7\u00e3o transit\u00f3ria de uma \u00e1rea de 54.086 metros quadrados pelo prazo de 180 dias A Log-In -Log\u00edstica Intermodal indicou que sua subsidi\u00e1ria&#8230;<\/p>\n","protected":false},"author":1182,"featured_media":20496,"comment_status":"closed","ping_status":"closed","sticky":false,"template":"","format":"standard","meta":{"footnotes":""},"categories":[6],"tags":[1084,144,70,2243,4608],"class_list":["post-34694","post","type-post","status-publish","format-standard","has-post-thumbnail","hentry","category-noticias","tag-assinatura","tag-contrato","tag-log-in","tag-porto-de-vitoria","tag-transicao"],"_links":{"self":[{"href":"https:\/\/www.sincomam.org.br\/index.php\/wp-json\/wp\/v2\/posts\/34694","targetHints":{"allow":["GET"]}}],"collection":[{"href":"https:\/\/www.sincomam.org.br\/index.php\/wp-json\/wp\/v2\/posts"}],"about":[{"href":"https:\/\/www.sincomam.org.br\/index.php\/wp-json\/wp\/v2\/types\/post"}],"author":[{"embeddable":true,"href":"https:\/\/www.sincomam.org.br\/index.php\/wp-json\/wp\/v2\/users\/1182"}],"replies":[{"embeddable":true,"href":"https:\/\/www.sincomam.org.br\/index.php\/wp-json\/wp\/v2\/comments?post=34694"}],"version-history":[{"count":1,"href":"https:\/\/www.sincomam.org.br\/index.php\/wp-json\/wp\/v2\/posts\/34694\/revisions"}],"predecessor-version":[{"id":34695,"href":"https:\/\/www.sincomam.org.br\/index.php\/wp-json\/wp\/v2\/posts\/34694\/revisions\/34695"}],"wp:featuredmedia":[{"embeddable":true,"href":"https:\/\/www.sincomam.org.br\/index.php\/wp-json\/wp\/v2\/media\/20496"}],"wp:attachment":[{"href":"https:\/\/www.sincomam.org.br\/index.php\/wp-json\/wp\/v2\/media?parent=34694"}],"wp:term":[{"taxonomy":"category","embeddable":true,"href":"https:\/\/www.sincomam.org.br\/index.php\/wp-json\/wp\/v2\/categories?post=34694"},{"taxonomy":"post_tag","embeddable":true,"href":"https:\/\/www.sincomam.org.br\/index.php\/wp-json\/wp\/v2\/tags?post=34694"}],"curies":[{"name":"wp","href":"https:\/\/api.w.org\/{rel}","templated":true}]}}