{"id":34686,"date":"2021-04-16T09:35:41","date_gmt":"2021-04-16T12:35:41","guid":{"rendered":"http:\/\/www.sincomam.org.br\/?p=34686"},"modified":"2021-04-16T09:35:41","modified_gmt":"2021-04-16T12:35:41","slug":"caixa-antecipa-em-15-dias-calendario-de-saques-do-auxilio-emergencial","status":"publish","type":"post","link":"https:\/\/www.sincomam.org.br\/index.php\/caixa-antecipa-em-15-dias-calendario-de-saques-do-auxilio-emergencial\/","title":{"rendered":"Caixa antecipa em 15 dias calend\u00e1rio de saques do aux\u00edlio emergencial"},"content":{"rendered":"<p><strong><em>An\u00fancio foi feito pelo presidente do banco durante live presidencial<\/em><\/strong><\/p>\n<p>A Caixa Econ\u00f4mica Federal vai antecipar os saques do aux\u00edlio emergencial em pelo menos duas semanas \u2013 as primeiras retiradas poder\u00e3o ser feitas ainda este m\u00eas, no dia 30 de abril.<\/p>\n<p>A informa\u00e7\u00e3o foi dada pelo presidente do banco, Pedro Guimar\u00e3es, durante a live semanal do presidente Jair Bolsonaro, transmitida pelas redes sociais na noite desta quinta-feira (15). A decis\u00e3o foi tomada ap\u00f3s reuni\u00e3o de Guimar\u00e3es com o ministro da Cidadania, Jo\u00e3o Roma.<\/p>\n<p><em>&#8220;J\u00e1 neste m\u00eas, dia 30 de abril, a gente come\u00e7a a realizar tamb\u00e9m o pagamento, permitir o saque nas lot\u00e9ricas e nos ATMs [caixas autom\u00e1ticos]. Antecipamos ao redor de 15 dias porque n\u00f3s percebemos que conseguimos realizar o pagamento com seguran\u00e7a, seja do ponto de vista do Caixa TEM operacional como do ponto de vista da minimiza\u00e7\u00e3o das filas&#8221;, disse Guimar\u00e3es. <\/em><\/p>\n<p>A primeira parcela do aux\u00edlio, que come\u00e7ou a ser paga no dia 6 de abril, para nascidos em janeiro, vem sendo depositada nas contas poupan\u00e7a digitais e pode ser movimentada pelo aplicativo Caixa TEM. Antes do novo calend\u00e1rio, a possibilidade de saque e transfer\u00eancias da primeira parcela estava prevista para come\u00e7ar somente em meados de maio. A atualiza\u00e7\u00e3o do calend\u00e1rio j\u00e1 est\u00e1 dispon\u00edvel no site do programa. Amanh\u00e3 (16), \u00e0s 15h, est\u00e1 prevista uma transmiss\u00e3o ao vivo com o presidente da Caixa para detalhar o novo calend\u00e1rio.<\/p>\n<p>Ao comentar o pagamento do benef\u00edcio, o presidente Jair Bolsonaro reconheceu que o valor da nova rodada do aux\u00edlio, com m\u00e9dia de R$ 250 por fam\u00edlia, \u00e9 pequeno. Segundo ele, \u00e9 o que foi poss\u00edvel garantir para n\u00e3o piorar o endividamento do pa\u00eds. O presidente tamb\u00e9m voltou a criticar os governadores pela ado\u00e7\u00e3o de medidas de restri\u00e7\u00e3o de circula\u00e7\u00e3o para conter o avan\u00e7o da pandemia e pediu que as pessoas cobrem deles uma complementa\u00e7\u00e3o do aux\u00edlio.<\/p>\n<p><em>&#8220;Sabemos que o aux\u00edlio emergencial \u00e9 um valor pequeno, mas \u00e9 o que podemos conceder no momento. Quem tirou seu emprego, antes que voc\u00ea reclame de mim, foi o seu governador, fechando tudo, te obrigando a ficar em casa, destruindo milh\u00f5es de empregos pelo Brasil. Ent\u00e3o, quem achar que \u00e9 pouco, eu acho que \u00e9 pouco, faz uma press\u00e3o a\u00ed em cima do seu governador, j\u00e1 que ele fechou tudo e fez saldo de caixa no ano passado. Ele pode complementar esse aux\u00edlio emergencial para voc\u00eas&#8221;, afirmou<\/em>.<\/p>\n<p>Ao todo, 45,6 milh\u00f5es de brasileiros ser\u00e3o beneficiados pela nova rodada do aux\u00edlio emergencial. O aux\u00edlio ser\u00e1 pago apenas a quem recebia o benef\u00edcio em dezembro de 2020.<\/p>\n<p>Para os benefici\u00e1rios do Bolsa Fam\u00edlia, o pagamento ocorre de forma distinta. Os inscritos podem sacar diretamente o dinheiro nos dez \u00faltimos dias \u00fateis de cada m\u00eas, com base no d\u00edgito final do N\u00famero de Inscri\u00e7\u00e3o Social (NIS). O aux\u00edlio emergencial somente ser\u00e1 pago quando o valor for superior ao benef\u00edcio do programa social.<\/p>\n<p>Fonte: Ag\u00eancia Brasil<\/p>\n","protected":false},"excerpt":{"rendered":"<p>An\u00fancio foi feito pelo presidente do banco durante live presidencial A Caixa Econ\u00f4mica Federal vai antecipar os saques do aux\u00edlio emergencial em pelo menos duas&#8230;<\/p>\n","protected":false},"author":1182,"featured_media":29823,"comment_status":"closed","ping_status":"closed","sticky":false,"template":"","format":"standard","meta":{"footnotes":""},"categories":[6],"tags":[3236,1757,2377,1061,61,390,3573,4604,2752,2751,432,204,2755,2976,4605],"class_list":["post-34686","post","type-post","status-publish","format-standard","has-post-thumbnail","hentry","category-noticias","tag-antecipacao","tag-auxilio","tag-beneficio","tag-bolsa-familia","tag-brasil","tag-caixa","tag-caixa-tem","tag-calendario-saque","tag-coronavirus","tag-covid-19","tag-emergencial","tag-pagamento","tag-pandemia","tag-pedido","tag-trabalhdores"],"_links":{"self":[{"href":"https:\/\/www.sincomam.org.br\/index.php\/wp-json\/wp\/v2\/posts\/34686","targetHints":{"allow":["GET"]}}],"collection":[{"href":"https:\/\/www.sincomam.org.br\/index.php\/wp-json\/wp\/v2\/posts"}],"about":[{"href":"https:\/\/www.sincomam.org.br\/index.php\/wp-json\/wp\/v2\/types\/post"}],"author":[{"embeddable":true,"href":"https:\/\/www.sincomam.org.br\/index.php\/wp-json\/wp\/v2\/users\/1182"}],"replies":[{"embeddable":true,"href":"https:\/\/www.sincomam.org.br\/index.php\/wp-json\/wp\/v2\/comments?post=34686"}],"version-history":[{"count":1,"href":"https:\/\/www.sincomam.org.br\/index.php\/wp-json\/wp\/v2\/posts\/34686\/revisions"}],"predecessor-version":[{"id":34687,"href":"https:\/\/www.sincomam.org.br\/index.php\/wp-json\/wp\/v2\/posts\/34686\/revisions\/34687"}],"wp:featuredmedia":[{"embeddable":true,"href":"https:\/\/www.sincomam.org.br\/index.php\/wp-json\/wp\/v2\/media\/29823"}],"wp:attachment":[{"href":"https:\/\/www.sincomam.org.br\/index.php\/wp-json\/wp\/v2\/media?parent=34686"}],"wp:term":[{"taxonomy":"category","embeddable":true,"href":"https:\/\/www.sincomam.org.br\/index.php\/wp-json\/wp\/v2\/categories?post=34686"},{"taxonomy":"post_tag","embeddable":true,"href":"https:\/\/www.sincomam.org.br\/index.php\/wp-json\/wp\/v2\/tags?post=34686"}],"curies":[{"name":"wp","href":"https:\/\/api.w.org\/{rel}","templated":true}]}}