{"id":34683,"date":"2021-04-16T09:24:54","date_gmt":"2021-04-16T12:24:54","guid":{"rendered":"http:\/\/www.sincomam.org.br\/?p=34683"},"modified":"2021-04-16T09:24:54","modified_gmt":"2021-04-16T12:24:54","slug":"senado-aprova-protecao-a-trabalhadoras-gestantes-durante-pandemia","status":"publish","type":"post","link":"https:\/\/www.sincomam.org.br\/index.php\/senado-aprova-protecao-a-trabalhadoras-gestantes-durante-pandemia\/","title":{"rendered":"Senado aprova prote\u00e7\u00e3o a trabalhadoras gestantes durante pandemia"},"content":{"rendered":"<p><strong><em>Texto segue para san\u00e7\u00e3o presidencial<\/em><\/strong><\/p>\n<p>O Senado aprovou hoje (15) um projeto de lei (PL) que garante \u00e0 empregada gestante o afastamento do trabalho presencial durante o per\u00edodo da pandemia sem preju\u00edzo do recebimento do sal\u00e1rio.<\/p>\n<p>O PL foi aprovado por unanimidade, em vota\u00e7\u00e3o simb\u00f3lica. Conforme o projeto, a funcion\u00e1ria gestante dever\u00e1 permanecer \u00e0 disposi\u00e7\u00e3o do empregador em trabalho remoto. O projeto segue para san\u00e7\u00e3o presidencial.<\/p>\n<p><em>\u201cA trabalhadora na referida condi\u00e7\u00e3o, al\u00e9m de necessitar de cuidados especiais para a preserva\u00e7\u00e3o de sua sa\u00fade, tem que adotar todas as medidas poss\u00edveis para a prote\u00e7\u00e3o da vida que carrega. N\u00e3o pode ficar exposta a este terr\u00edvel v\u00edrus, que pode ceifar a sua vida, a de seu filho, bem como arrasar o seu n\u00facleo familiar\u201d, afirmou a relatora do projeto no senado, Nilda Gondim (MDB-PB), em seu parecer.<\/em><\/p>\n<p>O projeto, de autoria da deputada Perp\u00e9tua Almeida (PCdoB), \u00e9 do ano passado e determinava como prazo de dura\u00e7\u00e3o da medida o estado de calamidade p\u00fablica reconhecido pelo Congresso Nacional, mas o decreto legislativo que tratava da calamidade p\u00fablica j\u00e1 perdeu a validade. Por isso, Gondim alterou um trecho do texto, retirando a cita\u00e7\u00e3o do decreto legislativo. Em seu lugar, o projeto cita \u201cemerg\u00eancia de sa\u00fade p\u00fablica de import\u00e2ncia nacional\u201d como per\u00edodo de validade da medida.<\/p>\n<p>Fonte: Ag\u00eancia Brasil<\/p>\n<p>Foto: divulga\u00e7\u00e3o<\/p>\n","protected":false},"excerpt":{"rendered":"<p>Texto segue para san\u00e7\u00e3o presidencial O Senado aprovou hoje (15) um projeto de lei (PL) que garante \u00e0 empregada gestante o afastamento do trabalho presencial&#8230;<\/p>\n","protected":false},"author":1182,"featured_media":34684,"comment_status":"closed","ping_status":"closed","sticky":false,"template":"","format":"standard","meta":{"footnotes":""},"categories":[6],"tags":[818,2752,2751,4602,1001,2755,367,1733,4603,924,3458],"class_list":["post-34683","post","type-post","status-publish","format-standard","has-post-thumbnail","hentry","category-noticias","tag-aprovacao","tag-coronavirus","tag-covid-19","tag-gestante","tag-lei","tag-pandemia","tag-projeto","tag-protecao","tag-sancao","tag-senado","tag-texto"],"_links":{"self":[{"href":"https:\/\/www.sincomam.org.br\/index.php\/wp-json\/wp\/v2\/posts\/34683","targetHints":{"allow":["GET"]}}],"collection":[{"href":"https:\/\/www.sincomam.org.br\/index.php\/wp-json\/wp\/v2\/posts"}],"about":[{"href":"https:\/\/www.sincomam.org.br\/index.php\/wp-json\/wp\/v2\/types\/post"}],"author":[{"embeddable":true,"href":"https:\/\/www.sincomam.org.br\/index.php\/wp-json\/wp\/v2\/users\/1182"}],"replies":[{"embeddable":true,"href":"https:\/\/www.sincomam.org.br\/index.php\/wp-json\/wp\/v2\/comments?post=34683"}],"version-history":[{"count":1,"href":"https:\/\/www.sincomam.org.br\/index.php\/wp-json\/wp\/v2\/posts\/34683\/revisions"}],"predecessor-version":[{"id":34685,"href":"https:\/\/www.sincomam.org.br\/index.php\/wp-json\/wp\/v2\/posts\/34683\/revisions\/34685"}],"wp:featuredmedia":[{"embeddable":true,"href":"https:\/\/www.sincomam.org.br\/index.php\/wp-json\/wp\/v2\/media\/34684"}],"wp:attachment":[{"href":"https:\/\/www.sincomam.org.br\/index.php\/wp-json\/wp\/v2\/media?parent=34683"}],"wp:term":[{"taxonomy":"category","embeddable":true,"href":"https:\/\/www.sincomam.org.br\/index.php\/wp-json\/wp\/v2\/categories?post=34683"},{"taxonomy":"post_tag","embeddable":true,"href":"https:\/\/www.sincomam.org.br\/index.php\/wp-json\/wp\/v2\/tags?post=34683"}],"curies":[{"name":"wp","href":"https:\/\/api.w.org\/{rel}","templated":true}]}}