{"id":34671,"date":"2021-04-15T17:25:31","date_gmt":"2021-04-15T20:25:31","guid":{"rendered":"http:\/\/www.sincomam.org.br\/?p=34671"},"modified":"2021-04-15T17:25:31","modified_gmt":"2021-04-15T20:25:31","slug":"cpi-da-covid-19-pode-ter-sua-primeira-reuniao-na-proxima-semana","status":"publish","type":"post","link":"https:\/\/www.sincomam.org.br\/index.php\/cpi-da-covid-19-pode-ter-sua-primeira-reuniao-na-proxima-semana\/","title":{"rendered":"CPI da Covid-19 pode ter sua primeira reuni\u00e3o na pr\u00f3xima semana"},"content":{"rendered":"<p><strong><em>Rodrigo Pacheco leu hoje os nomes dos indicados para o colegiado<\/em><\/strong><\/p>\n<p>A Comiss\u00e3o Parlamentar de Inqu\u00e9rito (CPI) da Covid-19 pode ser instalada j\u00e1 na pr\u00f3xima semana. O \u00faltimo obst\u00e1culo, a leitura da lista dos membros do colegiado, pelo presidente do Senado, Rodrigo Pacheco, foi superado. Pacheco leu no in\u00edcio da sess\u00e3o de desta quinta-feira (15) a rela\u00e7\u00e3o de indicados pelos partidos.<\/p>\n<p>Agora, depende apenas do senador Otto Alencar (PSD-BA) marcar a data da reuni\u00e3o de instala\u00e7\u00e3o da comiss\u00e3o. De acordo com o regimento da Casa, cabe a Alencar presidir a primeira reuni\u00e3o por ser o membro mais idoso da comiss\u00e3o.<\/p>\n<p><em>\u201cO senador Otto Alencar afirmou que est\u00e1 pronto. Temos um feriado no meio da semana que vem, acho razo\u00e1vel fazer na pr\u00f3xima quinta-feira a instala\u00e7\u00e3o da comiss\u00e3o\u201d, disse o senador Randolfe Rodrigues (Rede-AP), em coletiva de imprensa na tarde de hoje.<\/em><\/p>\n<p>Na pr\u00f3xima segunda-feira (19) e ter\u00e7a-feira (20) est\u00e3o marcadas sess\u00f5es do Congresso Nacional, e na quarta-feira (21), feriado, o Senado n\u00e3o ter\u00e1 atividades. Assim, resta a quinta-feira (22) para a reuni\u00e3o de instala\u00e7\u00e3o do colegiado.<\/p>\n<p>Na primeira reuni\u00e3o ser\u00e3o escolhidos o presidente, vice-presidente e relator da CPI. H\u00e1 uma tradi\u00e7\u00e3o no Senado para que a presid\u00eancia fique com o primeiro subscritor do requerimento de instala\u00e7\u00e3o da CPI, no caso, o senador Randolfe Rodrigues. Ele, no entanto, indicou que n\u00e3o for\u00e7ar\u00e1 uma disputa pelo posto.<\/p>\n<p><em>\u201cSe o colegiado compreender que \u00e9 de bom tom que a gente presida, n\u00e3o tem problema. Cumprirei a fun\u00e7\u00e3o. Estou disposto a qualquer servi\u00e7o, como presidente, relator ou apenas como membro. Eu s\u00f3 acho que essa CPI \u00e9 a mais importante do Congresso, porque nenhuma outra CPI foi respons\u00e1vel por apurar a perda de vidas humanas\u201d, disse.<\/em><\/p>\n<p>Randolfe disse que a CPI n\u00e3o pretende investigar o presidente da Rep\u00fablica. \u201cComiss\u00e3o Parlamentar de Inqu\u00e9rito n\u00e3o investiga pessoas, investiga fatos. N\u00e3o segue rito do processo penal, n\u00e3o tem ampla defesa e contradit\u00f3rio. Tanto que ao final da comiss\u00e3o ningu\u00e9m vai ser condenado. O presidente pode ficar tranquilo, n\u00e3o \u00e9 uma CPI para t\u00ea-lo como alvo. O alvo \u00e9 o fato\u201d, disse o l\u00edder da oposi\u00e7\u00e3o na Casa.<\/p>\n<p>A CPI ter\u00e1 poderes de investiga\u00e7\u00e3o equivalentes aos de autoridades judiciais. Primeiramente, o colegiado dever\u00e1 aprovar um plano de trabalho, proposto pelo relator. Trata-se das a\u00e7\u00f5es da comiss\u00e3o para cumprir o seu objetivo. Entre elas, podem estar a requisi\u00e7\u00e3o de informa\u00e7\u00f5es oficiais, a solicita\u00e7\u00e3o de auditorias e per\u00edcias, a intima\u00e7\u00e3o e oitiva de testemunhas, a convoca\u00e7\u00e3o de ministros de Estado e a realiza\u00e7\u00e3o de dilig\u00eancias variadas.<\/p>\n<p>A tend\u00eancia, de acordo com o senador, \u00e9 que a comiss\u00e3o comece ouvindo especialistas, infectologistas. \u201cVamos procurar os melhores epidemiologistas do pa\u00eds. Eles \u00e9 que t\u00eam que dar as primeiras respostas, sobre por que chegamos at\u00e9 aqui, se n\u00f3s poder\u00edamos ter evitado tudo isso. Temos que buscar a fonte da ci\u00eancia. Estamos nesse atoleiro sanit\u00e1rio porque n\u00e3o foi ouvida a ci\u00eancia\u201d, disse Randolfe. No entanto, ele acredita que ap\u00f3s essa etapa seja \u201cinevit\u00e1vel\u201d ouvir os tr\u00eas \u00faltimos ex-ministros da Sa\u00fade Luiz Henrique Mandetta, Nelson Teich e Eduardo Pazuello.<\/p>\n<p>Fonte: Ag\u00eancia Brasil<\/p>\n","protected":false},"excerpt":{"rendered":"<p>Rodrigo Pacheco leu hoje os nomes dos indicados para o colegiado A Comiss\u00e3o Parlamentar de Inqu\u00e9rito (CPI) da Covid-19 pode ser instalada j\u00e1 na pr\u00f3xima&#8230;<\/p>\n","protected":false},"author":1182,"featured_media":34672,"comment_status":"closed","ping_status":"closed","sticky":false,"template":"","format":"standard","meta":{"footnotes":""},"categories":[6],"tags":[61,2752,2751,831,4596,2888,1460,4598,297,4597,3842,1756,2755,1436,3014],"class_list":["post-34671","post","type-post","status-publish","format-standard","has-post-thumbnail","hentry","category-noticias","tag-brasil","tag-coronavirus","tag-covid-19","tag-cpi","tag-governador","tag-hospital","tag-infectados","tag-intubacao","tag-investigacao","tag-kit","tag-medicamento","tag-morte","tag-pandemia","tag-politica","tag-prefeito"],"_links":{"self":[{"href":"https:\/\/www.sincomam.org.br\/index.php\/wp-json\/wp\/v2\/posts\/34671","targetHints":{"allow":["GET"]}}],"collection":[{"href":"https:\/\/www.sincomam.org.br\/index.php\/wp-json\/wp\/v2\/posts"}],"about":[{"href":"https:\/\/www.sincomam.org.br\/index.php\/wp-json\/wp\/v2\/types\/post"}],"author":[{"embeddable":true,"href":"https:\/\/www.sincomam.org.br\/index.php\/wp-json\/wp\/v2\/users\/1182"}],"replies":[{"embeddable":true,"href":"https:\/\/www.sincomam.org.br\/index.php\/wp-json\/wp\/v2\/comments?post=34671"}],"version-history":[{"count":1,"href":"https:\/\/www.sincomam.org.br\/index.php\/wp-json\/wp\/v2\/posts\/34671\/revisions"}],"predecessor-version":[{"id":34673,"href":"https:\/\/www.sincomam.org.br\/index.php\/wp-json\/wp\/v2\/posts\/34671\/revisions\/34673"}],"wp:featuredmedia":[{"embeddable":true,"href":"https:\/\/www.sincomam.org.br\/index.php\/wp-json\/wp\/v2\/media\/34672"}],"wp:attachment":[{"href":"https:\/\/www.sincomam.org.br\/index.php\/wp-json\/wp\/v2\/media?parent=34671"}],"wp:term":[{"taxonomy":"category","embeddable":true,"href":"https:\/\/www.sincomam.org.br\/index.php\/wp-json\/wp\/v2\/categories?post=34671"},{"taxonomy":"post_tag","embeddable":true,"href":"https:\/\/www.sincomam.org.br\/index.php\/wp-json\/wp\/v2\/tags?post=34671"}],"curies":[{"name":"wp","href":"https:\/\/api.w.org\/{rel}","templated":true}]}}