{"id":34653,"date":"2021-04-14T13:47:46","date_gmt":"2021-04-14T16:47:46","guid":{"rendered":"http:\/\/www.sincomam.org.br\/?p=34653"},"modified":"2021-04-14T13:47:46","modified_gmt":"2021-04-14T16:47:46","slug":"antaq-anuncia-consulta-publica-para-licitar-area-no-porto-de-santos-destinada-a-graneis-solidos-vegetais","status":"publish","type":"post","link":"https:\/\/www.sincomam.org.br\/index.php\/antaq-anuncia-consulta-publica-para-licitar-area-no-porto-de-santos-destinada-a-graneis-solidos-vegetais\/","title":{"rendered":"Antaq anuncia consulta p\u00fablica para licitar \u00e1rea no Porto de Santos destinada \u00e0 gran\u00e9is s\u00f3lidos vegetais"},"content":{"rendered":"<p><strong><em>Per\u00edodo da consulta vai de 26\/04 at\u00e9 09\/06\/21<\/em><\/strong><\/p>\n<p>A Ag\u00eancia Nacional de Transportes Aquavi\u00e1rios (ANTAQ) informou que realizar\u00e1 no per\u00edodo de 26\/04\/2021 a 09\/06\/2021 consulta e audi\u00eancia p\u00fablicas visando obter contribui\u00e7\u00f5es para a realiza\u00e7\u00e3o de certame licitat\u00f3rio do arrendamento de \u00e1rea portu\u00e1ria localizada dentro da poligonal do Porto Organizado de Santos\/SP. A regi\u00e3o ser\u00e1 destinada \u00e0 instala\u00e7\u00e3o de terminal dedicado \u00e0 movimenta\u00e7\u00e3o e armazenagem de gran\u00e9is s\u00f3lidos vegetais, denominado STS11.<\/p>\n<p>As contribui\u00e7\u00f5es poder\u00e3o ser dirigidas \u00e0 ANTAQ at\u00e9 \u00e0s 23h59 do dia 09\/06\/2021, exclusivamente por meio e na forma do formul\u00e1rio eletr\u00f4nico dispon\u00edvel no s\u00edtio https:<strong><a href=\"https:\/\/www.gov.br\/pt-br\" target=\"_blank\" rel=\"noopener\">\/\/www.gov.br\/antaq\/pt-br,<\/a><\/strong> n\u00e3o sendo aceitas contribui\u00e7\u00f5es enviadas por meio diverso.<\/p>\n<p><strong>Audi\u00eancia presencial<\/strong><\/p>\n<p>Com o objetivo de fomentar a discuss\u00e3o e esclarecer eventuais d\u00favidas sobre o ato normativo desta consulta\/audi\u00eancia p\u00fablica, ser\u00e1 realizada audi\u00eancia p\u00fablica, na forma presencial ou telepresencial a depender das condi\u00e7\u00f5es de sa\u00fade p\u00fablica vigentes, em data, hor\u00e1rio e local a serem definidos e comunicados oportunamente.<\/p>\n<p>*Com informa\u00e7\u00f5es da Antaq<\/p>\n","protected":false},"excerpt":{"rendered":"<p>Per\u00edodo da consulta vai de 26\/04 at\u00e9 09\/06\/21 A Ag\u00eancia Nacional de Transportes Aquavi\u00e1rios (ANTAQ) informou que realizar\u00e1 no per\u00edodo de 26\/04\/2021 a 09\/06\/2021 consulta&#8230;<\/p>\n","protected":false},"author":1182,"featured_media":33657,"comment_status":"closed","ping_status":"closed","sticky":false,"template":"","format":"standard","meta":{"footnotes":""},"categories":[6],"tags":[301,2014,149,588,435,150,3741],"class_list":["post-34653","post","type-post","status-publish","format-standard","has-post-thumbnail","hentry","category-noticias","tag-antaq","tag-consulta-publica","tag-graneis","tag-licitacao","tag-porto-de-santos","tag-solidos","tag-vegetais"],"_links":{"self":[{"href":"https:\/\/www.sincomam.org.br\/index.php\/wp-json\/wp\/v2\/posts\/34653","targetHints":{"allow":["GET"]}}],"collection":[{"href":"https:\/\/www.sincomam.org.br\/index.php\/wp-json\/wp\/v2\/posts"}],"about":[{"href":"https:\/\/www.sincomam.org.br\/index.php\/wp-json\/wp\/v2\/types\/post"}],"author":[{"embeddable":true,"href":"https:\/\/www.sincomam.org.br\/index.php\/wp-json\/wp\/v2\/users\/1182"}],"replies":[{"embeddable":true,"href":"https:\/\/www.sincomam.org.br\/index.php\/wp-json\/wp\/v2\/comments?post=34653"}],"version-history":[{"count":1,"href":"https:\/\/www.sincomam.org.br\/index.php\/wp-json\/wp\/v2\/posts\/34653\/revisions"}],"predecessor-version":[{"id":34654,"href":"https:\/\/www.sincomam.org.br\/index.php\/wp-json\/wp\/v2\/posts\/34653\/revisions\/34654"}],"wp:featuredmedia":[{"embeddable":true,"href":"https:\/\/www.sincomam.org.br\/index.php\/wp-json\/wp\/v2\/media\/33657"}],"wp:attachment":[{"href":"https:\/\/www.sincomam.org.br\/index.php\/wp-json\/wp\/v2\/media?parent=34653"}],"wp:term":[{"taxonomy":"category","embeddable":true,"href":"https:\/\/www.sincomam.org.br\/index.php\/wp-json\/wp\/v2\/categories?post=34653"},{"taxonomy":"post_tag","embeddable":true,"href":"https:\/\/www.sincomam.org.br\/index.php\/wp-json\/wp\/v2\/tags?post=34653"}],"curies":[{"name":"wp","href":"https:\/\/api.w.org\/{rel}","templated":true}]}}