{"id":34650,"date":"2021-04-14T12:45:59","date_gmt":"2021-04-14T15:45:59","guid":{"rendered":"http:\/\/www.sincomam.org.br\/?p=34650"},"modified":"2021-04-14T12:45:59","modified_gmt":"2021-04-14T15:45:59","slug":"senado-aprova-prorrogacao-da-situacao-de-emergencia-de-saude-no-pais","status":"publish","type":"post","link":"https:\/\/www.sincomam.org.br\/index.php\/senado-aprova-prorrogacao-da-situacao-de-emergencia-de-saude-no-pais\/","title":{"rendered":"Senado aprova prorroga\u00e7\u00e3o da situa\u00e7\u00e3o de emerg\u00eancia de sa\u00fade no pa\u00eds"},"content":{"rendered":"<p><strong><em>Lei original perdeu validade em 31 de dezembro de 2020<\/em><\/strong><\/p>\n<p>O Senado aprovou nesta ter\u00e7a-feira (13) um Projeto de Lei (PL) que prorroga a situa\u00e7\u00e3o de emerg\u00eancia da sa\u00fade p\u00fablica no pa\u00eds devido ao novo coronav\u00edrus at\u00e9 o fim de 2021.<\/p>\n<p>A lei original, 13.979\/2020, perdeu sua validade em 31 de dezembro de 2020 e a lei votada hoje traz seu teor novamente \u00e0 validade. O PL ser\u00e1 agora analisado pela C\u00e2mara dos Deputados.<\/p>\n<p>De acordo com a Lei 13.979\/2020, gestores estaduais e municipais puderam adotar medidas sanit\u00e1rias extraordin\u00e1rias e simplificar o regime p\u00fablico de aquisi\u00e7\u00f5es e contrata\u00e7\u00f5es destinados ao enfrentamento da covid-19, doen\u00e7a causada pelo novo coronav\u00edrus.<\/p>\n<p>A compra simplificada de m\u00e1scaras, luvas, vacinas e insumos est\u00e1 no escopo da lei, que estava vinculada ao decreto que reconheceu o estado de calamidade no pa\u00eds. O decreto tamb\u00e9m perdeu a validade em 31 de dezembro.<\/p>\n<p>Para Rodrigo Pacheco (DEM-MG), autor do projeto, o fim da vig\u00eancia da lei, no ano passado, trouxe um \u201cv\u00e1cuo jur\u00eddico\u201d que, segundo ele, deixou o pa\u00eds sem uma de suas principais ferramentas de combate \u00e0 covid-19. Vale ressaltar que alguns dispositivos continuam valendo gra\u00e7as a uma decis\u00e3o do Supremo Tribunal Federal (STF). Os dispositivos n\u00e3o inclu\u00eddos pela decis\u00e3o do STF s\u00e3o, em sua maioria, a respeito de procedimentos diferenciados de licita\u00e7\u00e3o e contrata\u00e7\u00e3o para o enfrentamento da pandemia.<\/p>\n<p><em>\u201cA Lei n\u00ba 13.979, de 2020, revelou-se um importante instrumento de combate \u00e0 pandemia, com suas medidas sanit\u00e1rias extraordin\u00e1rias e simplificadoras do regime de aquisi\u00e7\u00f5es e contrata\u00e7\u00f5es para o combate \u00e0 doen\u00e7a. O encerramento de sua vig\u00eancia coincidiu com o recrudescimento da pandemia, de modo que esse v\u00e1cuo normativo deixou o pa\u00eds sem uma de suas principais ferramentas para fazer face \u00e0 crise de sa\u00fade\u201d, afirmou o relator do projeto, senador Carlos F\u00e1varo (PSD-MT).<\/em><\/p>\n<p>Fonte: Ag\u00eancia Brasil<\/p>\n","protected":false},"excerpt":{"rendered":"<p>Lei original perdeu validade em 31 de dezembro de 2020 O Senado aprovou nesta ter\u00e7a-feira (13) um Projeto de Lei (PL) que prorroga a situa\u00e7\u00e3o&#8230;<\/p>\n","protected":false},"author":1182,"featured_media":18116,"comment_status":"closed","ping_status":"closed","sticky":false,"template":"","format":"standard","meta":{"footnotes":""},"categories":[6],"tags":[818,61,2752,2751,4592,1654,519,924],"class_list":["post-34650","post","type-post","status-publish","format-standard","has-post-thumbnail","hentry","category-noticias","tag-aprovacao","tag-brasil","tag-coronavirus","tag-covid-19","tag-emeergencia","tag-prorrogacao","tag-saude","tag-senado"],"_links":{"self":[{"href":"https:\/\/www.sincomam.org.br\/index.php\/wp-json\/wp\/v2\/posts\/34650","targetHints":{"allow":["GET"]}}],"collection":[{"href":"https:\/\/www.sincomam.org.br\/index.php\/wp-json\/wp\/v2\/posts"}],"about":[{"href":"https:\/\/www.sincomam.org.br\/index.php\/wp-json\/wp\/v2\/types\/post"}],"author":[{"embeddable":true,"href":"https:\/\/www.sincomam.org.br\/index.php\/wp-json\/wp\/v2\/users\/1182"}],"replies":[{"embeddable":true,"href":"https:\/\/www.sincomam.org.br\/index.php\/wp-json\/wp\/v2\/comments?post=34650"}],"version-history":[{"count":1,"href":"https:\/\/www.sincomam.org.br\/index.php\/wp-json\/wp\/v2\/posts\/34650\/revisions"}],"predecessor-version":[{"id":34651,"href":"https:\/\/www.sincomam.org.br\/index.php\/wp-json\/wp\/v2\/posts\/34650\/revisions\/34651"}],"wp:featuredmedia":[{"embeddable":true,"href":"https:\/\/www.sincomam.org.br\/index.php\/wp-json\/wp\/v2\/media\/18116"}],"wp:attachment":[{"href":"https:\/\/www.sincomam.org.br\/index.php\/wp-json\/wp\/v2\/media?parent=34650"}],"wp:term":[{"taxonomy":"category","embeddable":true,"href":"https:\/\/www.sincomam.org.br\/index.php\/wp-json\/wp\/v2\/categories?post=34650"},{"taxonomy":"post_tag","embeddable":true,"href":"https:\/\/www.sincomam.org.br\/index.php\/wp-json\/wp\/v2\/tags?post=34650"}],"curies":[{"name":"wp","href":"https:\/\/api.w.org\/{rel}","templated":true}]}}