{"id":34630,"date":"2021-04-13T11:37:34","date_gmt":"2021-04-13T14:37:34","guid":{"rendered":"http:\/\/www.sincomam.org.br\/?p=34630"},"modified":"2021-04-13T11:37:34","modified_gmt":"2021-04-13T14:37:34","slug":"assembleia-da-petrobras-aprova-destituicao-de-castello-branco","status":"publish","type":"post","link":"https:\/\/www.sincomam.org.br\/index.php\/assembleia-da-petrobras-aprova-destituicao-de-castello-branco\/","title":{"rendered":"Assembleia da Petrobras aprova destitui\u00e7\u00e3o de Castello Branco"},"content":{"rendered":"<p><strong><em>Decis\u00e3o foi anunciada em comunicado ao mercado<\/em><\/strong><\/p>\n<p>A Petrobras anunciou, em comunicado ao mercado na noite desta segunda-feira (12), a destitui\u00e7\u00e3o de Roberto Castello Branco do cargo de membro do Conselho de Administra\u00e7\u00e3o, o que acarretou na sua sa\u00edda tamb\u00e9m da presid\u00eancia da companhia. O nome indicado pelo presidente Jair Bolsonaro como novo presidente da estatal \u00e9 o do general Joaquim Silva e Luna. O an\u00fancio ocorreu ap\u00f3s Assembleia Geral Extraordin\u00e1ria da estatal.<\/p>\n<p><em>\u201cEm decorr\u00eancia da vac\u00e2ncia na presid\u00eancia da companhia, o presidente do Conselho de Administra\u00e7\u00e3o nomeou como presidente interino da companhia o diretor executivo de Explora\u00e7\u00e3o e Produ\u00e7\u00e3o, Carlos Alberto Pereira de Oliveira, at\u00e9 a elei\u00e7\u00e3o e posse de novo presidente\u201d, informou a companhia.<\/em><\/p>\n<p>No comunicado ao mercado, a Petrobras agradeceu \u00e0 gest\u00e3o de Castello Branco, por sua lideran\u00e7a e contribui\u00e7\u00e3o, \u00e0 frente da companhia desde janeiro de 2019.<\/p>\n<p><em>\u201cRoberto teve um papel fundamental para desalavancagem da companhia, melhoria da aloca\u00e7\u00e3o de capital, com foco nos investimentos em ativos de classe mundial, e acelera\u00e7\u00e3o de desinvestimentos de ativos n\u00e3o priorit\u00e1rios. Atrav\u00e9s da implementa\u00e7\u00e3o dos cinco pilares estrat\u00e9gicos, custos foram reduzidos e configurados para permanecerem em trajet\u00f3ria descendente, houve aumento da produtividade, acelera\u00e7\u00e3o da transforma\u00e7\u00e3o digital, lan\u00e7amento de compromissos de baixo carbono e sustentabilidade, e foco na meritocracia e cria\u00e7\u00e3o de valor\u201d, destacou a Petrobras no comunicado.<\/em><\/p>\n","protected":false},"excerpt":{"rendered":"<p>Decis\u00e3o foi anunciada em comunicado ao mercado A Petrobras anunciou, em comunicado ao mercado na noite desta segunda-feira (12), a destitui\u00e7\u00e3o de Roberto Castello Branco&#8230;<\/p>\n","protected":false},"author":1182,"featured_media":30286,"comment_status":"closed","ping_status":"closed","sticky":false,"template":"","format":"standard","meta":{"footnotes":""},"categories":[6],"tags":[],"class_list":["post-34630","post","type-post","status-publish","format-standard","has-post-thumbnail","hentry","category-noticias"],"_links":{"self":[{"href":"https:\/\/www.sincomam.org.br\/index.php\/wp-json\/wp\/v2\/posts\/34630","targetHints":{"allow":["GET"]}}],"collection":[{"href":"https:\/\/www.sincomam.org.br\/index.php\/wp-json\/wp\/v2\/posts"}],"about":[{"href":"https:\/\/www.sincomam.org.br\/index.php\/wp-json\/wp\/v2\/types\/post"}],"author":[{"embeddable":true,"href":"https:\/\/www.sincomam.org.br\/index.php\/wp-json\/wp\/v2\/users\/1182"}],"replies":[{"embeddable":true,"href":"https:\/\/www.sincomam.org.br\/index.php\/wp-json\/wp\/v2\/comments?post=34630"}],"version-history":[{"count":1,"href":"https:\/\/www.sincomam.org.br\/index.php\/wp-json\/wp\/v2\/posts\/34630\/revisions"}],"predecessor-version":[{"id":34631,"href":"https:\/\/www.sincomam.org.br\/index.php\/wp-json\/wp\/v2\/posts\/34630\/revisions\/34631"}],"wp:featuredmedia":[{"embeddable":true,"href":"https:\/\/www.sincomam.org.br\/index.php\/wp-json\/wp\/v2\/media\/30286"}],"wp:attachment":[{"href":"https:\/\/www.sincomam.org.br\/index.php\/wp-json\/wp\/v2\/media?parent=34630"}],"wp:term":[{"taxonomy":"category","embeddable":true,"href":"https:\/\/www.sincomam.org.br\/index.php\/wp-json\/wp\/v2\/categories?post=34630"},{"taxonomy":"post_tag","embeddable":true,"href":"https:\/\/www.sincomam.org.br\/index.php\/wp-json\/wp\/v2\/tags?post=34630"}],"curies":[{"name":"wp","href":"https:\/\/api.w.org\/{rel}","templated":true}]}}