{"id":34626,"date":"2021-04-12T19:05:39","date_gmt":"2021-04-12T22:05:39","guid":{"rendered":"http:\/\/www.sincomam.org.br\/?p=34626"},"modified":"2021-04-12T19:05:39","modified_gmt":"2021-04-12T22:05:39","slug":"seminario-discute-a-desestatizacao-dos-portos-de-interesse-publico","status":"publish","type":"post","link":"https:\/\/www.sincomam.org.br\/index.php\/seminario-discute-a-desestatizacao-dos-portos-de-interesse-publico\/","title":{"rendered":"Semin\u00e1rio discute a desestatiza\u00e7\u00e3o dos portos de interesse p\u00fablico"},"content":{"rendered":"<p>O Cidesport, por meio da Unisul, em parceria com a UFSC e com a Escola Superior N\u00e1utica Infant D. Henrique de Portugal, realiza nesta ter\u00e7a, 13 de abril, o Semin\u00e1rio de Desestatiza\u00e7\u00e3o dos Portos de Interesse P\u00fablico.<\/p>\n<p>De natureza t\u00e9cnica e cient\u00edfica, o Semin\u00e1rio ir\u00e1 apresentar e discutir as experi\u00eancias internacionais sobre privatiza\u00e7\u00e3o de portos e os resultados obtidos, e as iniciativas em andamento, empreendidas pelo Governo Federal para a desestatiza\u00e7\u00e3o de portos de interesse p\u00fablico.<\/p>\n<p>As institui\u00e7\u00f5es envolvidas na organiza\u00e7\u00e3o do semin\u00e1rio n\u00e3o s\u00e3o defensoras ou contr\u00e1rias ao processo de privatiza\u00e7\u00e3o, mas visam promover o debate e a discuss\u00e3o, agregando mais conhecimentos para que cada profissional possa formar sua opini\u00e3o baseada em dados e fatos oriundos de diversas fontes. Estimular discuss\u00f5es para promo\u00e7\u00e3o de conhecimento \u00e9 um papel que compete \u00e0s universidades.<\/p>\n<p>O tema desestatiza\u00e7\u00e3o ou privatiza\u00e7\u00e3o tem retornado \u00e0 agenda dos dirigentes p\u00fablicos, principalmente em decorr\u00eancia da crise fiscal. Atualmente o setor privado j\u00e1 movimenta aproximadamente 66% de todas as cargas de importa\u00e7\u00e3o e exporta\u00e7\u00e3o (dados da Antaq).<\/p>\n<p>Al\u00e9m disso, mais de 95% da balan\u00e7a comercial brasileira passa pelos portos p\u00fablicos ou terminais privados.<\/p>\n<p>Em termos mundiais, v\u00e1rios pa\u00edses adotaram modelos de privatiza\u00e7\u00e3o com resultados positivos e\/ou negativos que precisam ser analisados, com o objetivo de gerar aprendizagem, permitindo uma melhor modelagem dos modelos que o Brasil vem estudando.<\/p>\n<p>A organiza\u00e7\u00e3o do evento compete ao Programa de P\u00f3s-Gradua\u00e7\u00e3o em Administra\u00e7\u00e3o da Unisul, aos Programas de P\u00f3s-Gradua\u00e7\u00e3o em Contabilidade e em Engenharia de Produ\u00e7\u00e3o da UFSC e aos cursos de mestrado da ENIDH, de Portugal.<\/p>\n<p>Tem-se como potencial p\u00fablico alvo dirigentes, gestores e profissionais t\u00e9cnicos e administrativos que atuam nos portos p\u00fablicos e privados; pesquisadores e professores que desenvolvem pesquisas e estudos sobre a gest\u00e3o e o desempenho portu\u00e1rio; profissionais que possuem interesse no tema desestatiza\u00e7\u00e3o de portos; e dirigentes e profissionais que atuam em entidades de classe do setor portu\u00e1rio e em comunidades portu\u00e1rias em geral.<\/p>\n<p>Devido \u00e0s condi\u00e7\u00f5es sanit\u00e1rias relacionadas a Covid 19, o semin\u00e1rio ocorrer\u00e1 de forma digital (On-line e ao Vivo), por meio da Plataforma StreamYard, com transmiss\u00e3o pelo YouTube, Canal do Cidesport, no link <strong><a href=\"https:\/\/www.youtube.com\/channel\/UCUlLxWqb-LmbbAcEWhymjjg\" target=\"_blank\" rel=\"noopener\">https:\/\/www.youtube.com\/channel\/UCUlLxWqb-LmbbAcEWhymjjg<\/a><\/strong><\/p>\n<p>Fonte: Informativo dos Portos<\/p>\n","protected":false},"excerpt":{"rendered":"<p>O Cidesport, por meio da Unisul, em parceria com a UFSC e com a Escola Superior N\u00e1utica Infant D. Henrique de Portugal, realiza nesta ter\u00e7a,&#8230;<\/p>\n","protected":false},"author":1182,"featured_media":286,"comment_status":"closed","ping_status":"closed","sticky":false,"template":"","format":"standard","meta":{"footnotes":""},"categories":[6],"tags":[2609,69,1679,579],"class_list":["post-34626","post","type-post","status-publish","format-standard","has-post-thumbnail","hentry","category-noticias","tag-desestatizacao","tag-portos","tag-publico","tag-seminario"],"_links":{"self":[{"href":"https:\/\/www.sincomam.org.br\/index.php\/wp-json\/wp\/v2\/posts\/34626","targetHints":{"allow":["GET"]}}],"collection":[{"href":"https:\/\/www.sincomam.org.br\/index.php\/wp-json\/wp\/v2\/posts"}],"about":[{"href":"https:\/\/www.sincomam.org.br\/index.php\/wp-json\/wp\/v2\/types\/post"}],"author":[{"embeddable":true,"href":"https:\/\/www.sincomam.org.br\/index.php\/wp-json\/wp\/v2\/users\/1182"}],"replies":[{"embeddable":true,"href":"https:\/\/www.sincomam.org.br\/index.php\/wp-json\/wp\/v2\/comments?post=34626"}],"version-history":[{"count":1,"href":"https:\/\/www.sincomam.org.br\/index.php\/wp-json\/wp\/v2\/posts\/34626\/revisions"}],"predecessor-version":[{"id":34627,"href":"https:\/\/www.sincomam.org.br\/index.php\/wp-json\/wp\/v2\/posts\/34626\/revisions\/34627"}],"wp:featuredmedia":[{"embeddable":true,"href":"https:\/\/www.sincomam.org.br\/index.php\/wp-json\/wp\/v2\/media\/286"}],"wp:attachment":[{"href":"https:\/\/www.sincomam.org.br\/index.php\/wp-json\/wp\/v2\/media?parent=34626"}],"wp:term":[{"taxonomy":"category","embeddable":true,"href":"https:\/\/www.sincomam.org.br\/index.php\/wp-json\/wp\/v2\/categories?post=34626"},{"taxonomy":"post_tag","embeddable":true,"href":"https:\/\/www.sincomam.org.br\/index.php\/wp-json\/wp\/v2\/tags?post=34626"}],"curies":[{"name":"wp","href":"https:\/\/api.w.org\/{rel}","templated":true}]}}