{"id":34616,"date":"2021-04-12T16:49:06","date_gmt":"2021-04-12T19:49:06","guid":{"rendered":"http:\/\/www.sincomam.org.br\/?p=34616"},"modified":"2021-04-12T16:49:06","modified_gmt":"2021-04-12T19:49:06","slug":"marinha-do-brasil-tem-novo-comandante","status":"publish","type":"post","link":"https:\/\/www.sincomam.org.br\/index.php\/marinha-do-brasil-tem-novo-comandante\/","title":{"rendered":"Marinha do Brasil tem novo Comandante"},"content":{"rendered":"<p><strong><em>Cerim\u00f4nia de transmiss\u00e3o do cargo foi realizada em Bras\u00edlia<\/em><\/strong><\/p>\n<p>O Almirante de Esquadra Almir Garnier Santos assumiu, na \u00faltima sexta-feira (9), o Comando da Marinha do Brasil (MB), cargo exercido por mais de dois anos pelo Almirante de Esquadra Ilques Barbosa Junior.<\/p>\n<p>A cerim\u00f4nia de transmiss\u00e3o do Comando, presidida pelo Presidente da Rep\u00fablica, Jair Bolsonaro, foi realizada no Grupamento de Fuzileiros Navais, em Bras\u00edlia. As informa\u00e7\u00f5es s\u00e3o da Marinha do Brasil.<\/p>\n<p>Na ocasi\u00e3o, a Marinha informou que o Almirante Ilques destacou a relev\u00e2ncia da posi\u00e7\u00e3o ocupada e do cumprimento das diretrizes de sua gest\u00e3o.<\/p>\n<p><em>\u201cFoi mais que um privil\u00e9gio, foi a realiza\u00e7\u00e3o maior de um marinheiro. Ao assumir a mais alta posi\u00e7\u00e3o na hierarquia da invicta Marinha de Tamandar\u00e9, apresentei as diretrizes que pautariam meu comando: a compreens\u00e3o de que estamos em cont\u00ednuo combate contra amea\u00e7as multicomplexas. Essas amea\u00e7as foram amplamente divulgadas no Plano Estrat\u00e9gico da Marinha (PEM-2040) e nas diversas oportunidades, em reuni\u00f5es com diversos segmentos da sociedade brasileira\u201d, disse o Almirante, em declara\u00e7\u00e3o de despedida.<\/em><\/p>\n<p><b>Novo Comandante<\/b><\/p>\n<p>O Almirante de Esquadra Almir Garnier Santos, 60 anos, j\u00e1 atuou como assessor especial do minist\u00e9rio da Defesa de tr\u00eas ministros do governo Dilma (Celso Amorim, Jacques Wagner e Aldo Rebelo) e de um no governo Temer (Raul Jungmann). A fam\u00edlia Garnier \u00e9 pr\u00f3xima \u00e0 de Bolsonaro.<\/p>\n<p>Foto: divulga\u00e7\u00e3o MB<\/p>\n","protected":false},"excerpt":{"rendered":"<p>Cerim\u00f4nia de transmiss\u00e3o do cargo foi realizada em Bras\u00edlia O Almirante de Esquadra Almir Garnier Santos assumiu, na \u00faltima sexta-feira (9), o Comando da Marinha&#8230;<\/p>\n","protected":false},"author":1182,"featured_media":34617,"comment_status":"closed","ping_status":"closed","sticky":false,"template":"","format":"standard","meta":{"footnotes":""},"categories":[6],"tags":[4577,416,1019,1168,1013],"class_list":["post-34616","post","type-post","status-publish","format-standard","has-post-thumbnail","hentry","category-noticias","tag-almirante-de-esquadra-almir-garnier-santos","tag-brasilia","tag-cerimonia","tag-comandante","tag-marinha-do-brasil"],"_links":{"self":[{"href":"https:\/\/www.sincomam.org.br\/index.php\/wp-json\/wp\/v2\/posts\/34616","targetHints":{"allow":["GET"]}}],"collection":[{"href":"https:\/\/www.sincomam.org.br\/index.php\/wp-json\/wp\/v2\/posts"}],"about":[{"href":"https:\/\/www.sincomam.org.br\/index.php\/wp-json\/wp\/v2\/types\/post"}],"author":[{"embeddable":true,"href":"https:\/\/www.sincomam.org.br\/index.php\/wp-json\/wp\/v2\/users\/1182"}],"replies":[{"embeddable":true,"href":"https:\/\/www.sincomam.org.br\/index.php\/wp-json\/wp\/v2\/comments?post=34616"}],"version-history":[{"count":1,"href":"https:\/\/www.sincomam.org.br\/index.php\/wp-json\/wp\/v2\/posts\/34616\/revisions"}],"predecessor-version":[{"id":34618,"href":"https:\/\/www.sincomam.org.br\/index.php\/wp-json\/wp\/v2\/posts\/34616\/revisions\/34618"}],"wp:featuredmedia":[{"embeddable":true,"href":"https:\/\/www.sincomam.org.br\/index.php\/wp-json\/wp\/v2\/media\/34617"}],"wp:attachment":[{"href":"https:\/\/www.sincomam.org.br\/index.php\/wp-json\/wp\/v2\/media?parent=34616"}],"wp:term":[{"taxonomy":"category","embeddable":true,"href":"https:\/\/www.sincomam.org.br\/index.php\/wp-json\/wp\/v2\/categories?post=34616"},{"taxonomy":"post_tag","embeddable":true,"href":"https:\/\/www.sincomam.org.br\/index.php\/wp-json\/wp\/v2\/tags?post=34616"}],"curies":[{"name":"wp","href":"https:\/\/api.w.org\/{rel}","templated":true}]}}