{"id":34602,"date":"2021-04-09T15:10:39","date_gmt":"2021-04-09T18:10:39","guid":{"rendered":"http:\/\/www.sincomam.org.br\/?p=34602"},"modified":"2021-04-09T15:11:40","modified_gmt":"2021-04-09T18:11:40","slug":"marinha-do-brasil-abre-750-vagas-para-aprendizes-marinheiros","status":"publish","type":"post","link":"https:\/\/www.sincomam.org.br\/index.php\/marinha-do-brasil-abre-750-vagas-para-aprendizes-marinheiros\/","title":{"rendered":"Marinha do Brasil abre 750 vagas para aprendizes-marinheiros"},"content":{"rendered":"<p><strong><em>Inscri\u00e7\u00f5es v\u00e3o de 24 de maio a 13 de junho, e candidatos devem ter entre 18 e 21 anos. Escolas est\u00e3o localizadas no CE, PE, ES e SC.<\/em><\/strong><\/p>\n<p>A Marinha divulgou edital de processo seletivo para 750 vagas de aprendizes-marinheiros. Podem se inscrever candidatos brasileiros do sexo masculino, solteiros ou que n\u00e3o tenham uni\u00e3o est\u00e1vel. \u00c9 necess\u00e1rio ter 18 anos completos e menos de 22 anos em 1\u00ba de janeiro de 2022; ter conclu\u00eddo o ensino m\u00e9dio e altura m\u00ednima de 1,54 m e m\u00e1xima de 2,00 m.<\/p>\n<p>As inscri\u00e7\u00f5es poder\u00e3o ser feitas entre os dias 24 de maio e 13 de junho pelo site <strong><a href=\"https:\/\/www.marinha.mil.br\/sspm\/\" target=\"_blank\" rel=\"noopener\">www.ingressonamarinha.mar.mil.br.<\/a><\/strong> A taxa \u00e9 de R$ 40. Na inscri\u00e7\u00e3o, o candidato dever\u00e1 indicar a ordem de prefer\u00eancia de \u00e1rea profissional: eletroeletr\u00f4nica, apoio ou mec\u00e2nica.<\/p>\n<p>O processo seletivo \u00e9 constitu\u00eddo das seguintes etapas: prova escrita objetiva, verifica\u00e7\u00e3o de dados biogr\u00e1ficos, inspe\u00e7\u00e3o de sa\u00fade, teste de aptid\u00e3o f\u00edsica, avalia\u00e7\u00e3o psicol\u00f3gica e verifica\u00e7\u00e3o de documentos.<\/p>\n<p>As provas e eventos complementares ser\u00e3o realizados nas seguintes cidades: Rio de Janeiro, Angra dos Reis, Nova Friburgo, S\u00e3o Pedro da Aldeia e Maca\u00e9 (RJ), Vila Velha (ES), Belo Horizonte e S\u00e3o Jos\u00e9 da Barra (MG), Salvador e Ilh\u00e9us (BA), Aracaju (SE), Natal (RN), Olinda (PE), Fortaleza (CE), Macei\u00f3 (AL), Jo\u00e3o Pessoa (PB), Bel\u00e9m (PA), Santana (AP), Parna\u00edba (PI), Santar\u00e9m (PA), S\u00e3o Lu\u00eds (MA), Rio Grande, Uruguaiana e Porto Alegre (RS), Paranagu\u00e1 e Foz de Igua\u00e7u (PR), Florian\u00f3polis e S\u00e3o Francisco do Sul (SC).<\/p>\n<p>A lista de cidades segue com: Lad\u00e1rio (MS), Cuiab\u00e1 (MT), Bras\u00edlia (DF), Palmas (TO), S\u00e3o Paulo, Santos e Barra Bonita (SP), Manaus (AM) e Porto Velho (RO).<\/p>\n<p>A prova objetiva ser\u00e1 realizada na segunda quinzena de julho de 2021, ainda sem maiores detalhes. O in\u00edcio do Curso de Forma\u00e7\u00e3o n\u00e3o tem data definida.<\/p>\n<p>O Curso de Forma\u00e7\u00e3o de Marinheiros para a Ativa ser\u00e1 conduzido nas Escolas de Aprendizes-Marinheiros (EAM), sob regime de internato, e tem dura\u00e7\u00e3o de um ano letivo, realizado em 48 semanas, no qual ser\u00e3o ministradas disciplinas do ensino b\u00e1sico e do ensino militar-naval.<\/p>\n<p>Durante o curso, al\u00e9m de alimenta\u00e7\u00e3o, uniforme, assist\u00eancia m\u00e9dico-odontol\u00f3gica, psicol\u00f3gica, social e religiosa, o aprendiz-marinheiro receber\u00e1 remunera\u00e7\u00e3o de R$ 1.303,90.<\/p>\n<p>As EAM s\u00e3o estabelecimentos de ensino militar da Marinha do Brasil (MB), cujo prop\u00f3sito \u00e9 formar marinheiros para o Corpo de Pra\u00e7as da Marinha. Atualmente existem quatro escolas: Escola de Aprendizes-Marinheiros do Cear\u00e1, em Fortaleza (EAMCE); Escola de Aprendizes-Marinheiros de Pernambuco, em Recife (EAMPE); Escola de Aprendizes-Marinheiros do Esp\u00edrito Santo, em Vit\u00f3ria (EAMES) e Escola de Aprendizes-Marinheiros de Santa Catarina, em Florian\u00f3polis (EAMSC).<\/p>\n<p>A primeira fase do curso de forma\u00e7\u00e3o \u00e9 a forma\u00e7\u00e3o militar-naval, como aprendiz-marinheiro, e a segunda, j\u00e1 como grumete, destinada \u00e0 especializa\u00e7\u00e3o t\u00e9cnica, nas \u00e1reas de eletroeletr\u00f4nica, apoio e mec\u00e2nica. Ao concluir o curso com aproveitamento, o grumete assumir\u00e1 compromisso de tempo de servi\u00e7o por um per\u00edodo de 2 anos, contados a partir do dia imediato ao do t\u00e9rmino do curso de forma\u00e7\u00e3o.<\/p>\n<p>Quando se formar, ser\u00e1 promovido a marinheiro e passar\u00e1 a atender as necessidades de distribui\u00e7\u00e3o de pessoal da Marinha do Brasil, podendo ser designado para servir a bordo de navio ou organiza\u00e7\u00e3o militar, onde cumprir\u00e1 o est\u00e1gio inicial para avalia\u00e7\u00e3o do desempenho ao longo do primeiro ano de gradua\u00e7\u00e3o. Apenas os marinheiros aprovados no est\u00e1gio inicial, considerados plenamente aptos \u00e0 carreira naval, poder\u00e3o permanecer no Servi\u00e7o Ativo da Marinha.<\/p>\n<p>Fonte: G1<\/p>\n","protected":false},"excerpt":{"rendered":"<p>Inscri\u00e7\u00f5es v\u00e3o de 24 de maio a 13 de junho, e candidatos devem ter entre 18 e 21 anos. Escolas est\u00e3o localizadas no CE, PE,&#8230;<\/p>\n","protected":false},"author":1182,"featured_media":5915,"comment_status":"closed","ping_status":"closed","sticky":false,"template":"","format":"standard","meta":{"footnotes":""},"categories":[6],"tags":[602,773,2821,4554,4560,4552,1446,4567,4557,752,4559,1070,4558,1013,4555,4549,4556,4566,4562,168,59,79,4553,4561,4563,4564,4550,1581,4565,538,4551],"class_list":["post-34602","post","type-post","status-publish","format-standard","has-post-thumbnail","hentry","category-noticias","tag-abertura","tag-angra-dos-reis","tag-aprendizes-marinheiros","tag-aracaju-se","tag-belem-pa","tag-belo-horizonte-e-sao-jose-da-barra-mg","tag-escola","tag-florianopolis-e-sao-francisco-do-sul-sc","tag-fortaleza-ce","tag-inscricao","tag-joao-pessoa-pb","tag-jovens","tag-maceio-al","tag-marinha-do-brasil","tag-natal-rn","tag-nova-friburgo","tag-olinda-pe","tag-paranagua-e-foz-de-iguacu-pr","tag-parnaiba-pi","tag-processo","tag-rio-de-janeiro","tag-rio-grande","tag-salvador-e-ilheus-ba","tag-santana-ap","tag-santarem-pa","tag-sao-luis-ma","tag-sao-pedro-da-aldeia-e-macae-rj","tag-seletivo","tag-uruguaiana-e-porto-alegre-rs","tag-vagas","tag-vila-velha-es"],"_links":{"self":[{"href":"https:\/\/www.sincomam.org.br\/index.php\/wp-json\/wp\/v2\/posts\/34602","targetHints":{"allow":["GET"]}}],"collection":[{"href":"https:\/\/www.sincomam.org.br\/index.php\/wp-json\/wp\/v2\/posts"}],"about":[{"href":"https:\/\/www.sincomam.org.br\/index.php\/wp-json\/wp\/v2\/types\/post"}],"author":[{"embeddable":true,"href":"https:\/\/www.sincomam.org.br\/index.php\/wp-json\/wp\/v2\/users\/1182"}],"replies":[{"embeddable":true,"href":"https:\/\/www.sincomam.org.br\/index.php\/wp-json\/wp\/v2\/comments?post=34602"}],"version-history":[{"count":2,"href":"https:\/\/www.sincomam.org.br\/index.php\/wp-json\/wp\/v2\/posts\/34602\/revisions"}],"predecessor-version":[{"id":34604,"href":"https:\/\/www.sincomam.org.br\/index.php\/wp-json\/wp\/v2\/posts\/34602\/revisions\/34604"}],"wp:featuredmedia":[{"embeddable":true,"href":"https:\/\/www.sincomam.org.br\/index.php\/wp-json\/wp\/v2\/media\/5915"}],"wp:attachment":[{"href":"https:\/\/www.sincomam.org.br\/index.php\/wp-json\/wp\/v2\/media?parent=34602"}],"wp:term":[{"taxonomy":"category","embeddable":true,"href":"https:\/\/www.sincomam.org.br\/index.php\/wp-json\/wp\/v2\/categories?post=34602"},{"taxonomy":"post_tag","embeddable":true,"href":"https:\/\/www.sincomam.org.br\/index.php\/wp-json\/wp\/v2\/tags?post=34602"}],"curies":[{"name":"wp","href":"https:\/\/api.w.org\/{rel}","templated":true}]}}