{"id":34594,"date":"2021-04-09T13:35:00","date_gmt":"2021-04-09T16:35:00","guid":{"rendered":"http:\/\/www.sincomam.org.br\/?p=34594"},"modified":"2021-04-09T13:57:13","modified_gmt":"2021-04-09T16:57:13","slug":"petrobras-reduz-preco-do-diesel-nas-refinarias-em-r-008","status":"publish","type":"post","link":"https:\/\/www.sincomam.org.br\/index.php\/petrobras-reduz-preco-do-diesel-nas-refinarias-em-r-008\/","title":{"rendered":"Petrobras reduz pre\u00e7o do diesel nas refinarias em R$ 0,08"},"content":{"rendered":"<p><strong><em>Pre\u00e7o da gasolina n\u00e3o muda, e litro continua por R$ 2,59 em refinarias<\/em><\/strong><\/p>\n<p>A Petrobras anunciou hoje (9) que o pre\u00e7o do diesel nas refinarias da estatal ser\u00e1 reduzido em R$ 0,08 a partir deste s\u00e1bado (10). Desse modo, o litro do combust\u00edvel vendido pela empresa \u00e0s distribuidoras passar\u00e1 a custar R$ 2,66. J\u00e1 o pre\u00e7o da gasolina n\u00e3o foi alterado e continuar\u00e1 a ser de R$ 2,59 por litro nas refinarias da Petrobras.<\/p>\n<p>A redu\u00e7\u00e3o do pre\u00e7o do diesel foi a segunda consecutiva, por\u00e9m o combust\u00edvel acumula alta em 2021, j\u00e1 que o litro fechou 2020 custando pouco mais de R$ 2. A gasolina tamb\u00e9m ficou mais cara ao longo deste ano, uma vez que era negociada pela Petrobras a R$ 1,84 no final de dezembro de 2020.<\/p>\n<p>A Petrobras diz que sua pol\u00edtica de pre\u00e7os alinhados ao mercado internacional permite competir de maneira mais eficiente e flex\u00edvel. A empresa faz reajustes sem periodicidade definida, acompanhando as varia\u00e7\u00f5es do c\u00e2mbio e do pre\u00e7o dos combust\u00edveis no mercado internacional.<\/p>\n<p>A estatal destaca que seus pre\u00e7os t\u00eam &#8220;influ\u00eancia limitada&#8221; sobre o que \u00e9 pago pelos consumidores finais nos postos de abastecimento. &#8220;At\u00e9 chegar ao consumidor s\u00e3o acrescidos tributos federais e estaduais, custos para aquisi\u00e7\u00e3o e mistura obrigat\u00f3ria de biodiesel, al\u00e9m das margens brutas das companhias distribuidoras e dos postos revendedores de combust\u00edveis.&#8221;<\/p>\n<p>Fonte: Ag\u00eancia Brasil<\/p>\n","protected":false},"excerpt":{"rendered":"<p>Pre\u00e7o da gasolina n\u00e3o muda, e litro continua por R$ 2,59 em refinarias A Petrobras anunciou hoje (9) que o pre\u00e7o do diesel nas refinarias&#8230;<\/p>\n","protected":false},"author":1182,"featured_media":29388,"comment_status":"closed","ping_status":"closed","sticky":false,"template":"","format":"standard","meta":{"footnotes":""},"categories":[6],"tags":[110,111,765,58,767,108],"class_list":["post-34594","post","type-post","status-publish","format-standard","has-post-thumbnail","hentry","category-noticias","tag-combustivel","tag-diesel","tag-gasolina","tag-petrobras","tag-reducao","tag-refinaria"],"_links":{"self":[{"href":"https:\/\/www.sincomam.org.br\/index.php\/wp-json\/wp\/v2\/posts\/34594","targetHints":{"allow":["GET"]}}],"collection":[{"href":"https:\/\/www.sincomam.org.br\/index.php\/wp-json\/wp\/v2\/posts"}],"about":[{"href":"https:\/\/www.sincomam.org.br\/index.php\/wp-json\/wp\/v2\/types\/post"}],"author":[{"embeddable":true,"href":"https:\/\/www.sincomam.org.br\/index.php\/wp-json\/wp\/v2\/users\/1182"}],"replies":[{"embeddable":true,"href":"https:\/\/www.sincomam.org.br\/index.php\/wp-json\/wp\/v2\/comments?post=34594"}],"version-history":[{"count":1,"href":"https:\/\/www.sincomam.org.br\/index.php\/wp-json\/wp\/v2\/posts\/34594\/revisions"}],"predecessor-version":[{"id":34595,"href":"https:\/\/www.sincomam.org.br\/index.php\/wp-json\/wp\/v2\/posts\/34594\/revisions\/34595"}],"wp:featuredmedia":[{"embeddable":true,"href":"https:\/\/www.sincomam.org.br\/index.php\/wp-json\/wp\/v2\/media\/29388"}],"wp:attachment":[{"href":"https:\/\/www.sincomam.org.br\/index.php\/wp-json\/wp\/v2\/media?parent=34594"}],"wp:term":[{"taxonomy":"category","embeddable":true,"href":"https:\/\/www.sincomam.org.br\/index.php\/wp-json\/wp\/v2\/categories?post=34594"},{"taxonomy":"post_tag","embeddable":true,"href":"https:\/\/www.sincomam.org.br\/index.php\/wp-json\/wp\/v2\/tags?post=34594"}],"curies":[{"name":"wp","href":"https:\/\/api.w.org\/{rel}","templated":true}]}}