{"id":34590,"date":"2021-04-09T13:17:36","date_gmt":"2021-04-09T16:17:36","guid":{"rendered":"http:\/\/www.sincomam.org.br\/?p=34590"},"modified":"2021-04-09T13:17:36","modified_gmt":"2021-04-09T16:17:36","slug":"caixa-paga-hoje-auxilio-emergencial-a-nascidos-em-fevereiro","status":"publish","type":"post","link":"https:\/\/www.sincomam.org.br\/index.php\/caixa-paga-hoje-auxilio-emergencial-a-nascidos-em-fevereiro\/","title":{"rendered":"Caixa paga hoje aux\u00edlio emergencial a nascidos em fevereiro"},"content":{"rendered":"<p><strong><em>Benef\u00edcio ter\u00e1 parcelas de R$ 150 a R$ 375<\/em><\/strong><\/p>\n<p>Trabalhadores informais nascidos em fevereiro come\u00e7am a receber hoje (9) a nova rodada do aux\u00edlio emergencial. O benef\u00edcio ter\u00e1 parcelas de R$ 150 a R$ 375, dependendo da fam\u00edlia.<\/p>\n<p>O pagamento tamb\u00e9m ser\u00e1 feito a inscritos no Cadastro \u00danico de Programas Sociais do Governo Federal (Cad\u00danico) nascidos no mesmo m\u00eas. O dinheiro ser\u00e1 depositado nas contas poupan\u00e7a digitais e poder\u00e1 ser movimentado pelo aplicativo Caixa Tem. Somente de duas a quatro semanas ap\u00f3s o dep\u00f3sito o dinheiro poder\u00e1 ser sacado em esp\u00e9cie ou transferido para uma conta-corrente.<\/p>\n<p>Ao todo, 45,6 milh\u00f5es de brasileiros ser\u00e3o beneficiados pela nova rodada do aux\u00edlio emergencial. O calend\u00e1rio de pagamentos foi divulgado pelo governo na semana passada.<\/p>\n<p>O aux\u00edlio ser\u00e1 pago apenas a quem recebia o benef\u00edcio em dezembro de 2020. Tamb\u00e9m \u00e9 necess\u00e1rio cumprir outros requisitos para ter direito \u00e0 nova rodada.<\/p>\n<p>Para os benefici\u00e1rios do Bolsa Fam\u00edlia, o pagamento ocorre de forma distinta. Os inscritos podem sacar diretamente o dinheiro nos dez \u00faltimos dias \u00fateis de cada m\u00eas, com base no d\u00edgito final do N\u00famero de Inscri\u00e7\u00e3o Social (NIS). O aux\u00edlio emergencial somente ser\u00e1 pago quando o valor for superior ao benef\u00edcio do programa social.<\/p>\n<p>Fonte: Ag\u00eancia Brasil<\/p>\n","protected":false},"excerpt":{"rendered":"<p>Benef\u00edcio ter\u00e1 parcelas de R$ 150 a R$ 375 Trabalhadores informais nascidos em fevereiro come\u00e7am a receber hoje (9) a nova rodada do aux\u00edlio emergencial&#8230;.<\/p>\n","protected":false},"author":1182,"featured_media":29619,"comment_status":"closed","ping_status":"closed","sticky":false,"template":"","format":"standard","meta":{"footnotes":""},"categories":[6],"tags":[4214,2377,61,390,2817,572,204],"class_list":["post-34590","post","type-post","status-publish","format-standard","has-post-thumbnail","hentry","category-noticias","tag-auxilio-emergencial","tag-beneficio","tag-brasil","tag-caixa","tag-calendario","tag-fevereiro","tag-pagamento"],"_links":{"self":[{"href":"https:\/\/www.sincomam.org.br\/index.php\/wp-json\/wp\/v2\/posts\/34590","targetHints":{"allow":["GET"]}}],"collection":[{"href":"https:\/\/www.sincomam.org.br\/index.php\/wp-json\/wp\/v2\/posts"}],"about":[{"href":"https:\/\/www.sincomam.org.br\/index.php\/wp-json\/wp\/v2\/types\/post"}],"author":[{"embeddable":true,"href":"https:\/\/www.sincomam.org.br\/index.php\/wp-json\/wp\/v2\/users\/1182"}],"replies":[{"embeddable":true,"href":"https:\/\/www.sincomam.org.br\/index.php\/wp-json\/wp\/v2\/comments?post=34590"}],"version-history":[{"count":1,"href":"https:\/\/www.sincomam.org.br\/index.php\/wp-json\/wp\/v2\/posts\/34590\/revisions"}],"predecessor-version":[{"id":34591,"href":"https:\/\/www.sincomam.org.br\/index.php\/wp-json\/wp\/v2\/posts\/34590\/revisions\/34591"}],"wp:featuredmedia":[{"embeddable":true,"href":"https:\/\/www.sincomam.org.br\/index.php\/wp-json\/wp\/v2\/media\/29619"}],"wp:attachment":[{"href":"https:\/\/www.sincomam.org.br\/index.php\/wp-json\/wp\/v2\/media?parent=34590"}],"wp:term":[{"taxonomy":"category","embeddable":true,"href":"https:\/\/www.sincomam.org.br\/index.php\/wp-json\/wp\/v2\/categories?post=34590"},{"taxonomy":"post_tag","embeddable":true,"href":"https:\/\/www.sincomam.org.br\/index.php\/wp-json\/wp\/v2\/tags?post=34590"}],"curies":[{"name":"wp","href":"https:\/\/api.w.org\/{rel}","templated":true}]}}