{"id":34588,"date":"2021-04-09T13:11:14","date_gmt":"2021-04-09T16:11:14","guid":{"rendered":"http:\/\/www.sincomam.org.br\/?p=34588"},"modified":"2021-04-09T13:11:14","modified_gmt":"2021-04-09T16:11:14","slug":"minfra-ultimos-leiloes-da-infra-week-serao-realizados-hoje","status":"publish","type":"post","link":"https:\/\/www.sincomam.org.br\/index.php\/minfra-ultimos-leiloes-da-infra-week-serao-realizados-hoje\/","title":{"rendered":"MInfra: \u00faltimos leil\u00f5es da Infra Week ser\u00e3o realizados hoje"},"content":{"rendered":"<p><strong><em>Ser\u00e3o concedidos \u00e0 iniciativa privada cinco terminais portu\u00e1rios<\/em><\/strong><\/p>\n<p>O governo federal realiza hoje (9) os \u00faltimos leil\u00f5es da Infra Week, semana de leil\u00f5es promovida pelo Minist\u00e9rio da Infraestrura. Nesta sexta-feira, ser\u00e3o concedidos \u00e0 iniciativa privada cinco terminais portu\u00e1rios.<\/p>\n<p>Est\u00e3o na lista quatro terminais de l\u00edquidos no Porto de Itaqui, no Maranh\u00e3o, utilizados na log\u00edstica de distribui\u00e7\u00e3o de combust\u00edveis no Nordeste e outro terminal de madeira, localizado no Porto de Pelotas (RS).<\/p>\n<p>Ontem (8), a pasta atingiu o valor de R$ 31 bilh\u00f5es de investimentos para as ferrovias brasileiras. A marca foi alcan\u00e7ada com o leil\u00e3o da Ferrovia de Integra\u00e7\u00e3o Oeste-Leste (Fiol), no trecho entre Ilh\u00e9us e Caetit\u00e9 (BA).<\/p>\n<p>Na quarta-feira (7), tamb\u00e9m durante a Infra Week, 22 aeroportos, divididos em tr\u00eas blocos, foram leiloados por R$ 3,3 bilh\u00f5es.<\/p>\n<p>Fonte: Ag\u00eancia Brasil<\/p>\n<p><strong>Leia tamb\u00e9m:<a href=\"https:\/\/www.sincomam.org.br\/index.php\/infra-week-governo-inicia-hoje-o-leilao-de-aeroportos-portos-e-ferrovia\/\" target=\"_blank\" rel=\"noopener\"> Infra Week \u00e9 o maior leil\u00e3o de aeroportos, portos e ferrovias<\/a><\/strong><\/p>\n","protected":false},"excerpt":{"rendered":"<p>Ser\u00e3o concedidos \u00e0 iniciativa privada cinco terminais portu\u00e1rios O governo federal realiza hoje (9) os \u00faltimos leil\u00f5es da Infra Week, semana de leil\u00f5es promovida pelo&#8230;<\/p>\n","protected":false},"author":1182,"featured_media":286,"comment_status":"closed","ping_status":"closed","sticky":false,"template":"","format":"standard","meta":{"footnotes":""},"categories":[6],"tags":[1428,2797,192,4526,55,4422,69],"class_list":["post-34588","post","type-post","status-publish","format-standard","has-post-thumbnail","hentry","category-noticias","tag-aeroportos","tag-ferrovias","tag-governo","tag-infra-week","tag-leilao","tag-ministerio-da-infraestrura","tag-portos"],"_links":{"self":[{"href":"https:\/\/www.sincomam.org.br\/index.php\/wp-json\/wp\/v2\/posts\/34588","targetHints":{"allow":["GET"]}}],"collection":[{"href":"https:\/\/www.sincomam.org.br\/index.php\/wp-json\/wp\/v2\/posts"}],"about":[{"href":"https:\/\/www.sincomam.org.br\/index.php\/wp-json\/wp\/v2\/types\/post"}],"author":[{"embeddable":true,"href":"https:\/\/www.sincomam.org.br\/index.php\/wp-json\/wp\/v2\/users\/1182"}],"replies":[{"embeddable":true,"href":"https:\/\/www.sincomam.org.br\/index.php\/wp-json\/wp\/v2\/comments?post=34588"}],"version-history":[{"count":1,"href":"https:\/\/www.sincomam.org.br\/index.php\/wp-json\/wp\/v2\/posts\/34588\/revisions"}],"predecessor-version":[{"id":34589,"href":"https:\/\/www.sincomam.org.br\/index.php\/wp-json\/wp\/v2\/posts\/34588\/revisions\/34589"}],"wp:featuredmedia":[{"embeddable":true,"href":"https:\/\/www.sincomam.org.br\/index.php\/wp-json\/wp\/v2\/media\/286"}],"wp:attachment":[{"href":"https:\/\/www.sincomam.org.br\/index.php\/wp-json\/wp\/v2\/media?parent=34588"}],"wp:term":[{"taxonomy":"category","embeddable":true,"href":"https:\/\/www.sincomam.org.br\/index.php\/wp-json\/wp\/v2\/categories?post=34588"},{"taxonomy":"post_tag","embeddable":true,"href":"https:\/\/www.sincomam.org.br\/index.php\/wp-json\/wp\/v2\/tags?post=34588"}],"curies":[{"name":"wp","href":"https:\/\/api.w.org\/{rel}","templated":true}]}}