{"id":34564,"date":"2021-04-08T11:58:21","date_gmt":"2021-04-08T14:58:21","guid":{"rendered":"http:\/\/www.sincomam.org.br\/?p=34564"},"modified":"2021-04-08T11:58:21","modified_gmt":"2021-04-08T14:58:21","slug":"piloni-solicitara-vacinacao-prioritaria-para-portuarios","status":"publish","type":"post","link":"https:\/\/www.sincomam.org.br\/index.php\/piloni-solicitara-vacinacao-prioritaria-para-portuarios\/","title":{"rendered":"Piloni solicitar\u00e1 vacina\u00e7\u00e3o priorit\u00e1ria para portu\u00e1rios"},"content":{"rendered":"<p>O secret\u00e1rio Nacional dos Portos, Diogo Piloni e Silva, solicitar\u00e1 ao Minist\u00e9rio da Sa\u00fade a vacina\u00e7\u00e3o r\u00e1pida de portu\u00e1rios. Um dos argumentos \u00e9 o risco log\u00edstico e de abastecimento no caso de cont\u00e1gio, j\u00e1 que a categoria trabalha em condi\u00e7\u00f5es de exposi\u00e7\u00e3o do v\u00edrus. A m\u00e9dia de idade dos portu\u00e1rios \u00e9 de 55 anos.<\/p>\n<p>Piloni participou de reuni\u00e3o nesta quarta-feira (7) com a deputada federal Rosana Valle (PSB) e sindicatos de portu\u00e1rios.<\/p>\n<p>O secret\u00e1rio ouviu dos sindicalistas que a categoria est\u00e1 no limite em rela\u00e7\u00e3o ao risco de contamina\u00e7\u00e3o e que n\u00e3o h\u00e1 medidas sanit\u00e1rias de preven\u00e7\u00e3o \u00e0 Covid-19 a bordo dos navios. Piloni prometeu exigir tais medidas das autoridades portu\u00e1rias nas pr\u00f3ximas horas.<\/p>\n<p>Segundo uma fonte que teve acesso \u00e0 reuni\u00e3o, o secret\u00e1rio Nacional dos Portos anunciou que ser\u00e1 apresentada ao Congresso Nacional uma nova medida provis\u00f3ria para garantir o afastamento remunerado dos trabalhadores portu\u00e1rios idosos. O texto da nova MP chegaria aos deputados nas pr\u00f3ximas horas.<\/p>\n<p>Rosana Valle lembrou ao secret\u00e1rio que os portu\u00e1rios nunca pararam de trabalhar nesta pandemia. \u201cEles s\u00e3o considerados essenciais por manterem a economia do pa\u00eds e milhares de empregos. Mas n\u00e3o t\u00eam ideia de quando ser\u00e3o vacinados, apesar de correrem risco todo dia dentro dos navios, onde mant\u00eam contato com tripulantes do mundo inteiro\u201d, afirmou.<\/p>\n<p>Segundo a parlamentar, os portu\u00e1rios n\u00e3o querem furar fila. \u201cPedem apenas respeito e as medidas de prote\u00e7\u00e3o que valeram ano passado, pois a pandemia continua e muito mais grave\u201d, afirmou Rosana.<\/p>\n<p>Participaram da reuni\u00e3o M\u00e1rio Teixeira, presidente da Federa\u00e7\u00e3o Nacional dos Conferentes, Consertadores e Vigias; Jos\u00e9 Adilson, presidente da Federa\u00e7\u00e3o Nacional dos Estivadores; Eduardo Guterra, da Federa\u00e7\u00e3o Nacional dos Portu\u00e1rios; Bruno Jos\u00e9 dos Santos, do Sindicato dos Estivadores de Santos; e Claudiomiro Machado, do Sindicato dos Trabalhadores Portu\u00e1rios.<\/p>\n<p>Tamb\u00e9m participaram Everandy Cirino dos Santos, do Sindicato da Administra\u00e7\u00e3o Portu\u00e1ria; Robson Wilson dos Santos, do Sindicato da Estiva de S\u00e3o Sebasti\u00e3o; Jos\u00e9 Cavalcanti Pessoa, do Sindicato dos Vigias Portu\u00e1rios; Paulo Antonio da Rocha, do Sindicato dos Operadores de Guindastes e Empilhadeiras; Adilson de Souza, do Sindicato dos Consertadores de Carga e Descarga do Porto de Santos; Wilk Aparecido Santa Cruz, do Sindicato dos Conferentes de Carga e Descarga do Porto de Santos; e Wilson Roberto de Lima, do Sindicato dos Trabalhadores do Bloco.<\/p>\n<p>Fonte: Portos e Navios<\/p>\n","protected":false},"excerpt":{"rendered":"<p>O secret\u00e1rio Nacional dos Portos, Diogo Piloni e Silva, solicitar\u00e1 ao Minist\u00e9rio da Sa\u00fade a vacina\u00e7\u00e3o r\u00e1pida de portu\u00e1rios. Um dos argumentos \u00e9 o risco&#8230;<\/p>\n","protected":false},"author":1182,"featured_media":30124,"comment_status":"closed","ping_status":"closed","sticky":false,"template":"","format":"standard","meta":{"footnotes":""},"categories":[6],"tags":[2752,4545,4200,69,303,4544,980],"class_list":["post-34564","post","type-post","status-publish","format-standard","has-post-thumbnail","hentry","category-noticias","tag-coronavirus","tag-covid-10","tag-diogo-piloni-e-silva","tag-portos","tag-portuarios","tag-prioritaria","tag-vacinacao"],"_links":{"self":[{"href":"https:\/\/www.sincomam.org.br\/index.php\/wp-json\/wp\/v2\/posts\/34564","targetHints":{"allow":["GET"]}}],"collection":[{"href":"https:\/\/www.sincomam.org.br\/index.php\/wp-json\/wp\/v2\/posts"}],"about":[{"href":"https:\/\/www.sincomam.org.br\/index.php\/wp-json\/wp\/v2\/types\/post"}],"author":[{"embeddable":true,"href":"https:\/\/www.sincomam.org.br\/index.php\/wp-json\/wp\/v2\/users\/1182"}],"replies":[{"embeddable":true,"href":"https:\/\/www.sincomam.org.br\/index.php\/wp-json\/wp\/v2\/comments?post=34564"}],"version-history":[{"count":1,"href":"https:\/\/www.sincomam.org.br\/index.php\/wp-json\/wp\/v2\/posts\/34564\/revisions"}],"predecessor-version":[{"id":34565,"href":"https:\/\/www.sincomam.org.br\/index.php\/wp-json\/wp\/v2\/posts\/34564\/revisions\/34565"}],"wp:featuredmedia":[{"embeddable":true,"href":"https:\/\/www.sincomam.org.br\/index.php\/wp-json\/wp\/v2\/media\/30124"}],"wp:attachment":[{"href":"https:\/\/www.sincomam.org.br\/index.php\/wp-json\/wp\/v2\/media?parent=34564"}],"wp:term":[{"taxonomy":"category","embeddable":true,"href":"https:\/\/www.sincomam.org.br\/index.php\/wp-json\/wp\/v2\/categories?post=34564"},{"taxonomy":"post_tag","embeddable":true,"href":"https:\/\/www.sincomam.org.br\/index.php\/wp-json\/wp\/v2\/tags?post=34564"}],"curies":[{"name":"wp","href":"https:\/\/api.w.org\/{rel}","templated":true}]}}