{"id":34547,"date":"2021-04-08T08:05:01","date_gmt":"2021-04-08T11:05:01","guid":{"rendered":"http:\/\/www.sincomam.org.br\/?p=34547"},"modified":"2021-04-07T17:48:14","modified_gmt":"2021-04-07T20:48:14","slug":"petrobras-vai-retirar-instalacao-ilegal-do-fundo-do-mar","status":"publish","type":"post","link":"https:\/\/www.sincomam.org.br\/index.php\/petrobras-vai-retirar-instalacao-ilegal-do-fundo-do-mar\/","title":{"rendered":"Petrobras vai retirar instala\u00e7\u00e3o ilegal do fundo do mar"},"content":{"rendered":"<p><strong><em>Estatal fecha acordo com Minist\u00e9rio P\u00fablico para repara\u00e7\u00e3o por &#8220;almoxarifado submarino&#8221; que infringe determina\u00e7\u00f5es do Ibama<\/em><\/strong><\/p>\n<p>A Petrobr\u00e1s e o Minist\u00e9rio P\u00fablico Federal (MPF) firmaram um acordo para a retirada do &#8220;almoxarifado sumarino\u201d, erguido na Bacia de Campo, entre o Rio de Janeiro e o Esp\u00edrito Santo, sem autoriza\u00e7\u00e3o do Ibama.<\/p>\n<p>A instala\u00e7\u00e3o tem mais de 1,4 mil quil\u00f4metros de tubos usados na extra\u00e7\u00e3o de petr\u00f3leo, entre outras estruturas de ancoragem e explora\u00e7\u00e3o de petr\u00f3leo. No total, chega a somar 460 quil\u00f4metros quadrados, o equivalente a uma capital como Florian\u00f3polis (SC) ou Porto Alegre (RS).<\/p>\n<p>A petrol\u00edfera assinou um termo de ajuste de conduta (TAC) firmado com o MPF no dia 25 de mar\u00e7o. No termo, a empresa se comprometeu a entregar, at\u00e9 maio de 2021, um \u201cdiagn\u00f3stico ambiental final e confirma\u00e7\u00e3o do invent\u00e1rio de estruturas submarinas com base em imagens de 100% das \u00e1reas\u201d.<\/p>\n<p>O in\u00edcio da retirada dos equipamentos do fundo do mar est\u00e1 marcado para junho de 2022. O trabalho dever\u00e1 ser conclu\u00eddo em dezembro de 2027, segundo o acordo assinado.<\/p>\n<p>Al\u00e9m disso, a Petrobras tamb\u00e9m dever\u00e1 enviar, no prazo de 120 dias, R$ 20 milh\u00f5es para o projeto Fundo Abrolhos Terra e Mar, Bahia e Esp\u00edrito Santo, a fim de apoiar e proteger as unidades de conserva\u00e7\u00e3o da natureza marinha da Bahia e do Esp\u00edrito Santo. O ato \u00e9 uma \u201cmedida compensat\u00f3ria pelo per\u00edodo de utiliza\u00e7\u00e3o das \u00e1reas de almoxarifados submarinos\u201d.<\/p>\n<p><strong>Crime ambiental<\/strong><\/p>\n<p><em>\u201cAs \u00e1reas denominadas como \u2018almoxarifados submarinos\u2019 v\u00eam sendo utilizadas pela Petrobr\u00e1s para o armazenamento de equipamentos (ex.: linhas flex\u00edveis, umbilicais, sistemas de ancoragem) sem o devido licenciamento ambiental\u201d, afirma o Ibama.<\/em><\/p>\n<p>As \u00e1reas que a Petrobr\u00e1s batizou como \u201calmoxarifado submarino\u201d come\u00e7aram a ser usadas em 1991. Parte da regulamenta\u00e7\u00e3o do licenciamento ambiental para explora\u00e7\u00e3o e produ\u00e7\u00e3o offshore foi criada pelo Conselho Nacional de Meio Ambiente (Conama) em 1986, e uma resolu\u00e7\u00e3o (237) ainda mais detalhada foi editada em 1997, tamb\u00e9m pelo Conama.<\/p>\n<p>A estatal manteve suas atividades no espa\u00e7o at\u00e9 2016, quando o Ibama, que j\u00e1 buscava h\u00e1 anos um acordo sobre o assunto, determinou a paralisa\u00e7\u00e3o total dos lan\u00e7amentos no oceano. Devido a aus\u00eancia de licenciamento para essas opera\u00e7\u00f5es, o Ibama chegou a multar a Petrobras em R$ 2,5 milh\u00f5es.<\/p>\n<p>Fonte: Economia &#8211; iG<\/p>\n","protected":false},"excerpt":{"rendered":"<p>Estatal fecha acordo com Minist\u00e9rio P\u00fablico para repara\u00e7\u00e3o por &#8220;almoxarifado submarino&#8221; que infringe determina\u00e7\u00f5es do Ibama A Petrobr\u00e1s e o Minist\u00e9rio P\u00fablico Federal (MPF) firmaram&#8230;<\/p>\n","protected":false},"author":1182,"featured_media":28309,"comment_status":"closed","ping_status":"closed","sticky":false,"template":"","format":"standard","meta":{"footnotes":""},"categories":[6],"tags":[1086,4536,2975,252,4535,3200,945,1331,2586,58,59],"class_list":["post-34547","post","type-post","status-publish","format-standard","has-post-thumbnail","hentry","category-noticias","tag-acordo","tag-bacia-de-campo","tag-crime","tag-espirito-santo","tag-fundo-do-mar","tag-ilegal","tag-instalacao","tag-meio-ambiente","tag-ministerio-publico","tag-petrobras","tag-rio-de-janeiro"],"_links":{"self":[{"href":"https:\/\/www.sincomam.org.br\/index.php\/wp-json\/wp\/v2\/posts\/34547","targetHints":{"allow":["GET"]}}],"collection":[{"href":"https:\/\/www.sincomam.org.br\/index.php\/wp-json\/wp\/v2\/posts"}],"about":[{"href":"https:\/\/www.sincomam.org.br\/index.php\/wp-json\/wp\/v2\/types\/post"}],"author":[{"embeddable":true,"href":"https:\/\/www.sincomam.org.br\/index.php\/wp-json\/wp\/v2\/users\/1182"}],"replies":[{"embeddable":true,"href":"https:\/\/www.sincomam.org.br\/index.php\/wp-json\/wp\/v2\/comments?post=34547"}],"version-history":[{"count":1,"href":"https:\/\/www.sincomam.org.br\/index.php\/wp-json\/wp\/v2\/posts\/34547\/revisions"}],"predecessor-version":[{"id":34548,"href":"https:\/\/www.sincomam.org.br\/index.php\/wp-json\/wp\/v2\/posts\/34547\/revisions\/34548"}],"wp:featuredmedia":[{"embeddable":true,"href":"https:\/\/www.sincomam.org.br\/index.php\/wp-json\/wp\/v2\/media\/28309"}],"wp:attachment":[{"href":"https:\/\/www.sincomam.org.br\/index.php\/wp-json\/wp\/v2\/media?parent=34547"}],"wp:term":[{"taxonomy":"category","embeddable":true,"href":"https:\/\/www.sincomam.org.br\/index.php\/wp-json\/wp\/v2\/categories?post=34547"},{"taxonomy":"post_tag","embeddable":true,"href":"https:\/\/www.sincomam.org.br\/index.php\/wp-json\/wp\/v2\/tags?post=34547"}],"curies":[{"name":"wp","href":"https:\/\/api.w.org\/{rel}","templated":true}]}}