{"id":34544,"date":"2021-04-08T08:00:47","date_gmt":"2021-04-08T11:00:47","guid":{"rendered":"http:\/\/www.sincomam.org.br\/?p=34544"},"modified":"2021-04-07T17:36:10","modified_gmt":"2021-04-07T20:36:10","slug":"covid-19-petrobras-amplia-escala-de-profissionais-embarcados","status":"publish","type":"post","link":"https:\/\/www.sincomam.org.br\/index.php\/covid-19-petrobras-amplia-escala-de-profissionais-embarcados\/","title":{"rendered":"Covid-19: Petrobras amplia escala de profissionais embarcados"},"content":{"rendered":"<p><strong><em>Estatal ressalta que a medida reduz a troca de turnos e movimenta\u00e7\u00e3o de pessoal nas plataformas<\/em><\/strong><\/p>\n<p>A Petrobras informou em comunicado que vai alterar temporariamente a escala dos empregados que trabalham embarcados em unidades mar\u00edtimas. Segundo a Estatal, a medida tem o objetivo de fortalecer os cuidados com a sa\u00fade dos colaboradores diante do momento cr\u00edtico da pandemia de Covid-19.<\/p>\n<p>De acordo com a companhia, a nova escala passa a ser de 21&#215;28 + 21&#215;35 dias, ou seja, dois embarques de 21 dias seguidos, respectivamente, por per\u00edodos de folga de 28 e de 35 dias. Essa escala ser\u00e1 adotada temporariamente por um ciclo de 105 dias.<\/p>\n<p>\u201cNesse per\u00edodo, o empregado far\u00e1 dois embarques em vez de tr\u00eas, reduzindo em pelo menos 30% o fluxo de pessoas em deslocamento em aeroportos e rodovi\u00e1rias. Ap\u00f3s o per\u00edodo de embarque, o empregado ficar\u00e1 mais dias em casa, o que tamb\u00e9m favorece o distanciamento social. Al\u00e9m disso, est\u00e3o sendo priorizados os servi\u00e7os essenciais a bordo e est\u00e1 sendo reduzido o pessoal embarcado (POB) em todas as unidades offshore\u201d, disse a empresa, em nota.<\/p>\n<p>A Petrobras recomendou, ainda, que as empresas terceirizadas adotem medidas similares.<\/p>\n<p><strong>A\u00e7\u00f5es para conter o cont\u00e1gio<\/strong><\/p>\n<p>Essa \u00e9 a segunda vez na pandemia em que a Petrobras adota a escala especial. A primeira foi h\u00e1 cerca de um ano, em mar\u00e7o do ano passado. Desde o in\u00edcio da pandemia, a companhia adota medidas rigorosas de preven\u00e7\u00e3o \u00e0 covid-19, que envolvem testagem peri\u00f3dica, com mais de 700 mil testes realizados; redu\u00e7\u00e3o do efetivo presencial e ampla ado\u00e7\u00e3o do teletrabalho; uso obrigat\u00f3rio de m\u00e1scaras; refor\u00e7o na higieniza\u00e7\u00e3o e distanciamento nas unidades operacionais; conscientiza\u00e7\u00e3o sobre cuidados individuais dentro e fora do ambiente de trabalho, entre outras medidas.<\/p>\n<p>A Petrobras refor\u00e7ou que, no per\u00edodo pr\u00e9-embarque, os colaboradores passam por quarentena de 14 dias e antes de embarcar todos s\u00e3o testados com teste RT-PCR.<\/p>\n<p>Foto: Ag\u00eancia Petrobras<\/p>\n","protected":false},"excerpt":{"rendered":"<p>Estatal ressalta que a medida reduz a troca de turnos e movimenta\u00e7\u00e3o de pessoal nas plataformas A Petrobras informou em comunicado que vai alterar temporariamente&#8230;<\/p>\n","protected":false},"author":1182,"featured_media":34545,"comment_status":"closed","ping_status":"closed","sticky":false,"template":"","format":"standard","meta":{"footnotes":""},"categories":[6],"tags":[4534,3521,2752,2751,4533,2819,1460,2324,1756,47,2755,58,1652,1011,3291,864,1140,2808,1456],"class_list":["post-34544","post","type-post","status-publish","format-standard","has-post-thumbnail","hentry","category-noticias","tag-colaboradores","tag-contagio","tag-coronavirus","tag-covid-19","tag-embarcados","tag-escala","tag-infectados","tag-maritimos","tag-morte","tag-navio","tag-pandemia","tag-petrobras","tag-plataformas","tag-profissionais","tag-rt-pcr","tag-teste","tag-trabalhadores","tag-tripulacao","tag-turno"],"_links":{"self":[{"href":"https:\/\/www.sincomam.org.br\/index.php\/wp-json\/wp\/v2\/posts\/34544","targetHints":{"allow":["GET"]}}],"collection":[{"href":"https:\/\/www.sincomam.org.br\/index.php\/wp-json\/wp\/v2\/posts"}],"about":[{"href":"https:\/\/www.sincomam.org.br\/index.php\/wp-json\/wp\/v2\/types\/post"}],"author":[{"embeddable":true,"href":"https:\/\/www.sincomam.org.br\/index.php\/wp-json\/wp\/v2\/users\/1182"}],"replies":[{"embeddable":true,"href":"https:\/\/www.sincomam.org.br\/index.php\/wp-json\/wp\/v2\/comments?post=34544"}],"version-history":[{"count":1,"href":"https:\/\/www.sincomam.org.br\/index.php\/wp-json\/wp\/v2\/posts\/34544\/revisions"}],"predecessor-version":[{"id":34546,"href":"https:\/\/www.sincomam.org.br\/index.php\/wp-json\/wp\/v2\/posts\/34544\/revisions\/34546"}],"wp:featuredmedia":[{"embeddable":true,"href":"https:\/\/www.sincomam.org.br\/index.php\/wp-json\/wp\/v2\/media\/34545"}],"wp:attachment":[{"href":"https:\/\/www.sincomam.org.br\/index.php\/wp-json\/wp\/v2\/media?parent=34544"}],"wp:term":[{"taxonomy":"category","embeddable":true,"href":"https:\/\/www.sincomam.org.br\/index.php\/wp-json\/wp\/v2\/categories?post=34544"},{"taxonomy":"post_tag","embeddable":true,"href":"https:\/\/www.sincomam.org.br\/index.php\/wp-json\/wp\/v2\/tags?post=34544"}],"curies":[{"name":"wp","href":"https:\/\/api.w.org\/{rel}","templated":true}]}}