{"id":34539,"date":"2021-04-07T17:05:49","date_gmt":"2021-04-07T20:05:49","guid":{"rendered":"http:\/\/www.sincomam.org.br\/?p=34539"},"modified":"2021-04-07T17:05:49","modified_gmt":"2021-04-07T20:05:49","slug":"petrobras-informa-sobre-a-aprovacao-do-plano-petros-3","status":"publish","type":"post","link":"https:\/\/www.sincomam.org.br\/index.php\/petrobras-informa-sobre-a-aprovacao-do-plano-petros-3\/","title":{"rendered":"Petrobras informa sobre a aprova\u00e7\u00e3o do Plano Petros 3"},"content":{"rendered":"<p>A Petrobras, em comunicado, informou que a Secretaria de Coordena\u00e7\u00e3o e Governan\u00e7a das Empresas Estatais (SEST) e a Superintend\u00eancia Nacional de Previd\u00eancia Complementar (PREVIC) aprovaram o Plano Petros 3 (PP-3).<\/p>\n<p>De acordo com a companhia, o PP-3 ser\u00e1 uma op\u00e7\u00e3o previdenci\u00e1ria exclusiva para migra\u00e7\u00e3o volunt\u00e1ria e pontual dos participantes e assistidos dos planos Petros do Sistema Petrobras Repactuados e N\u00e3o Repactuados (PPSP-R e PPSPNR), ambos p\u00f3s-70.<\/p>\n<p>A estatal afirmou que a operacionaliza\u00e7\u00e3o do novo plano est\u00e1 prevista para o 2\u00ba trimestre de 2021.<\/p>\n","protected":false},"excerpt":{"rendered":"<p>A Petrobras, em comunicado, informou que a Secretaria de Coordena\u00e7\u00e3o e Governan\u00e7a das Empresas Estatais (SEST) e a Superintend\u00eancia Nacional de Previd\u00eancia Complementar (PREVIC) aprovaram&#8230;<\/p>\n","protected":false},"author":1182,"featured_media":9827,"comment_status":"closed","ping_status":"closed","sticky":false,"template":"","format":"standard","meta":{"footnotes":""},"categories":[6],"tags":[818,4360,58,4529,3424,699],"class_list":["post-34539","post","type-post","status-publish","format-standard","has-post-thumbnail","hentry","category-noticias","tag-aprovacao","tag-migracao","tag-petrobras","tag-plano-petros-3","tag-previdencia","tag-voluntaria"],"_links":{"self":[{"href":"https:\/\/www.sincomam.org.br\/index.php\/wp-json\/wp\/v2\/posts\/34539","targetHints":{"allow":["GET"]}}],"collection":[{"href":"https:\/\/www.sincomam.org.br\/index.php\/wp-json\/wp\/v2\/posts"}],"about":[{"href":"https:\/\/www.sincomam.org.br\/index.php\/wp-json\/wp\/v2\/types\/post"}],"author":[{"embeddable":true,"href":"https:\/\/www.sincomam.org.br\/index.php\/wp-json\/wp\/v2\/users\/1182"}],"replies":[{"embeddable":true,"href":"https:\/\/www.sincomam.org.br\/index.php\/wp-json\/wp\/v2\/comments?post=34539"}],"version-history":[{"count":1,"href":"https:\/\/www.sincomam.org.br\/index.php\/wp-json\/wp\/v2\/posts\/34539\/revisions"}],"predecessor-version":[{"id":34540,"href":"https:\/\/www.sincomam.org.br\/index.php\/wp-json\/wp\/v2\/posts\/34539\/revisions\/34540"}],"wp:featuredmedia":[{"embeddable":true,"href":"https:\/\/www.sincomam.org.br\/index.php\/wp-json\/wp\/v2\/media\/9827"}],"wp:attachment":[{"href":"https:\/\/www.sincomam.org.br\/index.php\/wp-json\/wp\/v2\/media?parent=34539"}],"wp:term":[{"taxonomy":"category","embeddable":true,"href":"https:\/\/www.sincomam.org.br\/index.php\/wp-json\/wp\/v2\/categories?post=34539"},{"taxonomy":"post_tag","embeddable":true,"href":"https:\/\/www.sincomam.org.br\/index.php\/wp-json\/wp\/v2\/tags?post=34539"}],"curies":[{"name":"wp","href":"https:\/\/api.w.org\/{rel}","templated":true}]}}